{"id":4439,"date":"2014-08-18T12:35:00","date_gmt":"2014-08-18T12:35:00","guid":{"rendered":"http:\/\/www.ecuadoraldia.com.ec\/?p=4439"},"modified":"2014-08-18T12:35:00","modified_gmt":"2014-08-18T12:35:00","slug":"las-replicas-mantienen-en-alerta-a-catequilla-y-san-miguel-del-comun","status":"publish","type":"post","link":"https:\/\/www.ecuadoraldia.com.ec\/?p=4439","title":{"rendered":"Las r\u00e9plicas mantienen en alerta a Catequilla y San Miguel del Com\u00fan"},"content":{"rendered":"<p><a href=\"http:\/\/www.ecuadoraldia.com.ec\/wp-content\/uploads\/2014\/08\/cate.jpg\"><img loading=\"lazy\" decoding=\"async\" class=\"alignleft size-medium wp-image-4440\" src=\"http:\/\/www.ecuadoraldia.com.ec\/wp-content\/uploads\/2014\/08\/cate-300x198.jpg\" alt=\"cate\" width=\"300\" height=\"198\" srcset=\"https:\/\/www.ecuadoraldia.com.ec\/wp-content\/uploads\/2014\/08\/cate-300x198.jpg 300w, https:\/\/www.ecuadoraldia.com.ec\/wp-content\/uploads\/2014\/08\/cate.jpg 450w\" sizes=\"(max-width: 300px) 100vw, 300px\" \/><\/a>Ayer, 3 nuevas r\u00e9plicas del sismo de 5,1 del martes pasado, se produjeron en la capital. Los sismos de 3,2; 4 y 3 grados se sintieron ayer a las 10:50, 11:30 y 16:00.<\/p>\n<p>El Comit\u00e9 de Operaciones de Emergencia (COE) Provincial se\u00f1al\u00f3 ayer que hasta el momento se registran 87 r\u00e9plicas. El epicentro se mantuvo al este de Calder\u00f3n, en donde sucedi\u00f3 el primer suceso.<\/p>\n<p>En el sector de Catequilla, en San Antonio de Pichincha, que est\u00e1 m\u00e1s cerca del epicentro de los movimientos tel\u00faricos, se realizaron ayer inspecciones a las viviendas por parte del personal del Cuerpo de Bomberos y de la Secretar\u00eda de Gesti\u00f3n de Riesgos. El temblor m\u00e1s fuerte de ayer se registr\u00f3 a las 11:30. Fue de 4 grados de intensidad y a 4,20 kil\u00f3metros de profundidad. Luego de este sismo se levant\u00f3 una enorme nube de polvo en el sector. El suceso no produjo heridos.<\/p>\n<p>Catequilla, que est\u00e1 pr\u00f3ximo a la cantera donde trabaja la mayor\u00eda de moradores, est\u00e1 habitado por alrededor de 40 familias, de las cuales 4 han sido evacuadas a los albergues temporales habilitados por el municipio, ya que sus casas fueron severamente afectadas por los movimientos de tierra.<\/p>\n<p>El COE inform\u00f3 ayer que 75 personas en total fueron trasladadas a albergues. Adem\u00e1s, el Municipio recibi\u00f3 2.220 llamadas de ciudadanos que reportaron da\u00f1os en sus edificaciones. De estas viviendas, seg\u00fan el Cabildo, resta revisar 60. Luego de las inspecciones se decidi\u00f3 reparar 9 casas y relocalizar a 5 familias, porque sus viviendas sufrieron da\u00f1os mayores.<\/p>\n<p>\u201cNos dijeron que ma\u00f1ana (hoy), vamos a reunirnos en la casa comunal con las autoridades para que nos indiquen qu\u00e9 va a pasar con la mina en donde trabajamos todos los de aqu\u00ed\u201d, se\u00f1al\u00f3 Patricio Asitimbay, mientras pon\u00eda en su casa las compras que hab\u00eda hecho en el mercado.<\/p>\n<p>El viceministro del Interior, Javier C\u00f3rdova, se\u00f1al\u00f3 que la medida de suspensi\u00f3n de las 27 canteras es preventiva y temporal. Sin embargo, se\u00f1al\u00f3 que la Secretar\u00eda de Gesti\u00f3n de Riesgos emitir\u00e1 un informe de evaluaci\u00f3n en esta semana, en el que se definir\u00e1 la situaci\u00f3n. Sin embargo, anticip\u00f3 que las 16 canteras ilegales no podr\u00e1n seguir laborando.<\/p>\n<p>Mar\u00eda del Pilar Cornejo, secretaria de Gesti\u00f3n de Riesgos, se\u00f1al\u00f3 que en algunas de las 11 canteras legales tambi\u00e9n se encontraron problemas, pues algunas de ellas trabajaron sin normas t\u00e9cnicas.<\/p>\n<p>La incertidumbre todav\u00eda no se despeja del sitio al igual que el polvo que se levanta continuamente con las r\u00e1fagas de viento y forma una especie de neblina.<\/p>\n<p>Aunque el fen\u00f3meno levant\u00f3 una nube de polvo, el Aeropuerto Mariscal Sucre de Quito no suspendi\u00f3 sus operaciones. Por instantes, t\u00e9cnicos aeroportuarios revisaron la pista y no encontraron inconvenientes.<\/p>\n<p>Hasta el cierre de esta edici\u00f3n, la v\u00eda Guayllabamba- Oyacoto permaneci\u00f3 cerrada.<\/p>\n<p>Moradores de Catequilla decidieron abandonar sus casas y albergarse en la Mitad del Mundo. \u201cEstamos tranquilos por el momento pero queremos saber d\u00f3nde nos van a reubicar\u201d, coment\u00f3 Ren\u00e9 Ruiz, quien ha vivido con su familia en Catequilla desde hace 12 a\u00f1os.<\/p>\n<p>Su esposa embarazada coment\u00f3 que tanto ella como sus 2 hijos est\u00e1n bien. En el albergue recibieron alimentaci\u00f3n: \u201cNos traen comida de afuera, estamos c\u00f3modos, aunque queremos ir a nuestra casita\u201d.<\/p>\n<p>En el local municipal de aproximadamente 4 metros por 10, que serv\u00eda como sede del programa \u201c60 y Piquito\u201d, se acomodaron 16 camas para que reposen las 4 familias alojadas. All\u00ed hay 18 personas, 10 adultos y 8 ni\u00f1os.<\/p>\n<p>Erika Pinchao, encargada de administrar el sitio, explic\u00f3 que en el albergue provisional tienen colchones, camas y frazadas, \u201cpara que est\u00e9n lo m\u00e1s c\u00f3modos posible, no sabemos todav\u00eda cu\u00e1nto tiempo tendr\u00e1n que permanecer aqu\u00ed, eso depende del Municipio\u201d, asegur\u00f3.<\/p>\n<p>En otro albergue, en el sector de Pomasqui, permanecen 11 familias (37 personas). Quienes habitan en el lugar como Jos\u00e9 P. se\u00f1alaron que sus viviendas colapsaron.<\/p>\n<p>Mario Ruiz, director del Instituto Geof\u00edsico, se\u00f1al\u00f3 que las r\u00e9plicas son normales y que podr\u00edan continuar. \u201cSe est\u00e1 realizando un reajuste de fracturas peque\u00f1as\u201d, dijo.<\/p>\n<p>De igual forma se est\u00e1 realizando la entrega de mascarillas e hidrataci\u00f3n a los moradores de los sectores m\u00e1s afectados, donde se producen deslizamientos de tierra.<\/p>\n<p>En Quito, en cambio, las actividades de fin de semana fueron normales. Hubo personas en centros comerciales y parques. Catalina C. (20 a\u00f1os) sali\u00f3 de compras a un mall. \u201cSi las r\u00e9plicas seguir\u00e1n es mejor acostumbrarnos y tomar medidas preventivas\u201d, dijo.<\/p>\n","protected":false},"excerpt":{"rendered":"<p>Ayer, 3 nuevas r\u00e9plicas del sismo de 5,1 del martes pasado, se produjeron en la capital. Los sismos de 3,2;<\/p>\n","protected":false},"author":1,"featured_media":0,"comment_status":"open","ping_status":"open","sticky":false,"template":"","format":"standard","meta":{"footnotes":""},"categories":[14],"tags":[],"_links":{"self":[{"href":"https:\/\/www.ecuadoraldia.com.ec\/index.php?rest_route=\/wp\/v2\/posts\/4439"}],"collection":[{"href":"https:\/\/www.ecuadoraldia.com.ec\/index.php?rest_route=\/wp\/v2\/posts"}],"about":[{"href":"https:\/\/www.ecuadoraldia.com.ec\/index.php?rest_route=\/wp\/v2\/types\/post"}],"author":[{"embeddable":true,"href":"https:\/\/www.ecuadoraldia.com.ec\/index.php?rest_route=\/wp\/v2\/users\/1"}],"replies":[{"embeddable":true,"href":"https:\/\/www.ecuadoraldia.com.ec\/index.php?rest_route=%2Fwp%2Fv2%2Fcomments&post=4439"}],"version-history":[{"count":1,"href":"https:\/\/www.ecuadoraldia.com.ec\/index.php?rest_route=\/wp\/v2\/posts\/4439\/revisions"}],"predecessor-version":[{"id":4441,"href":"https:\/\/www.ecuadoraldia.com.ec\/index.php?rest_route=\/wp\/v2\/posts\/4439\/revisions\/4441"}],"wp:attachment":[{"href":"https:\/\/www.ecuadoraldia.com.ec\/index.php?rest_route=%2Fwp%2Fv2%2Fmedia&parent=4439"}],"wp:term":[{"taxonomy":"category","embeddable":true,"href":"https:\/\/www.ecuadoraldia.com.ec\/index.php?rest_route=%2Fwp%2Fv2%2Fcategories&post=4439"},{"taxonomy":"post_tag","embeddable":true,"href":"https:\/\/www.ecuadoraldia.com.ec\/index.php?rest_route=%2Fwp%2Fv2%2Ftags&post=4439"}],"curies":[{"name":"wp","href":"https:\/\/api.w.org\/{rel}","templated":true}]}}