{"id":4444,"date":"2014-08-18T12:42:24","date_gmt":"2014-08-18T12:42:24","guid":{"rendered":"http:\/\/www.ecuadoraldia.com.ec\/?p=4444"},"modified":"2014-08-18T12:42:24","modified_gmt":"2014-08-18T12:42:24","slug":"los-representantes-de-claro-y-movistar-calificaron-como-positiva-la-reunion","status":"publish","type":"post","link":"https:\/\/www.ecuadoraldia.com.ec\/?p=4444","title":{"rendered":"Los representantes de Claro y Movistar calificaron como positiva la reuni\u00f3n"},"content":{"rendered":"<p><a href=\"http:\/\/www.ecuadoraldia.com.ec\/wp-content\/uploads\/2014\/08\/mvi.jpg\"><img loading=\"lazy\" decoding=\"async\" class=\"alignleft size-full wp-image-4445\" src=\"http:\/\/www.ecuadoraldia.com.ec\/wp-content\/uploads\/2014\/08\/mvi.jpg\" alt=\"mvi\" width=\"250\" height=\"200\" \/><\/a>Los representantes de los trabajadores de las empresas Claro (Conecel) y Movistar (Otecel) calificaron de positiva la reuni\u00f3n que tuvieron ayer, en el Palacio de Carondelet, con el presidente Rafael Correa.<\/p>\n<p>Durante dos horas, la delegaci\u00f3n de las operadoras de telefon\u00eda m\u00f3vil expuso sus argumentos legales en torno a la reforma a la Ley de Telecomunicaciones.<\/p>\n<p>El proyecto de ley determina que de las utilidades que generen Claro y Movistar este a\u00f1o, en abril de 2015 se destine el 3% a los trabajadores y el 12% al Estado. Al momento los empleados reciben el 15% de las utilidades, las cuales fueron de $ 130 millones en 2013.<\/p>\n<p>De acuerdo con el Gobierno, el 12% de las utilidades se asignar\u00e1 a proyectos de inversi\u00f3n social y al desarrollo de las telecomunicaciones en el pa\u00eds.<\/p>\n<p>La reforma a la Ley de Telecomunicaciones fue enviada al Legislativo en julio y la presidenta de la Asamblea, Gabriela Rivadeneira, determin\u00f3 que el documento fuera remitido al Consejo de la Administraci\u00f3n Legislativa (CAL)para que sea este \u00f3rgano el que designe a la comisi\u00f3n responsable de analizarlo.<\/p>\n<p>Gibr\u00e1n Acosta, quien estuvo en la cita en representaci\u00f3n de sus compa\u00f1eros de Movistar, manifest\u00f3 que la reuni\u00f3n con el Mandatario \u201cfue muy positiva\u201d y resalt\u00f3 la apertura del Gobierno para escuchar la posici\u00f3n de los trabajadores respecto a la reforma. \u201cConfiamos en que el presidente Correa tome la mejor decisi\u00f3n en favor de los trabajadores. El Mandatario se comprometi\u00f3 a revisar la Ley de Telecomunicaciones y a pronunciarse al respecto en los pr\u00f3ximos d\u00edas\u201d, asegur\u00f3.<br \/>\nDe su parte, Bryan Zambrano, de Claro, indic\u00f3 que la reuni\u00f3n fue muy productiva y que hoy dar\u00e1n a conocer mayores detalles sobre el asunto. Luego del encuentro con el Jefe de Estado, los representantes de las operadoras tuvieron en Quito una reuni\u00f3n interna que dur\u00f3 hasta cerca de la medianoche.<\/p>\n<p>Desde muy temprano en redes sociales como Twitter o Facebook se escrib\u00edan frases de respaldo a los representantes de las operadoras y se vislumbraba que el presidente Correa los escuchara y diera una soluci\u00f3n.<\/p>\n<p>La delegaci\u00f3n de Movistar estuvo conformada por Esteban Villalba, Silvia Cobos y Gibr\u00e1n Acosta, mientras que por Claro acudieron Cristian Realpe, Sugey Mendoza y Byron Zambrano.<\/p>\n<p>Por parte del Gobierno asistieron los ministros de Relaciones Laborales, Carlos Marx Carrasco; de Telecomunicaciones, Jaime Guerrero; y de Sectores Estrat\u00e9gicos, Rafael Poveda, adem\u00e1s de la directora del Servicio de Rentas Internas (SRI), Ximena Amoroso, y la presidenta de la Asamblea, Gabriela Rivadeneira.<\/p>\n<p>Utilidades \u2018extremadamente altas\u2019<\/p>\n<p>Durante el \u00faltimo enlace ciudadano Correa asegur\u00f3 que el gobierno est\u00e1 \u201cabierto al di\u00e1logo\u201d. Cuestion\u00f3 que las utilidades sean \u201cextremadamente altas\u201d y se\u00f1al\u00f3 que estas deber\u00edan beneficiar a todos los ecuatorianos, m\u00e1s a\u00fan cuando \u201ctrabajan con el espectro radioel\u00e9ctrico, recurso natural de los ecuatorianos\u201d.<\/p>\n<p>\u201cProbablemente cambiaremos de medida, tal vez fue un error estrat\u00e9gico empezar con las utilidades de los trabajadores\u201d, reconoci\u00f3, pero a\u00f1adi\u00f3 que hay algunas personas que se quejan porque no tendr\u00e1n $32.000 de utilidades, sino tan solo $ 8.000 o $ 10.000, mientras en zonas como Paquisha no han recibido ni $ 1 de utilidades y ni siquiera tienen se\u00f1al.<\/p>\n<p>\u201cNo podemos permitir esas desigualdades\u201d, manifest\u00f3.<\/p>\n<p>En cuanto a rentabilidad sobre el patrimonio neto (dinero que invirtieron los accionistas), el Jefe de Estado agreg\u00f3 que en Claro en 2013 fue de 155%, mientras que en Movistar de 59%. En promedio, en 2007, cuando el Estado renegoci\u00f3 el espectro, la rentabilidad sobre patrimonio fue de 105% para Claro y 47% para Movistar. El promedio mundial de utilidades sobre patrimonio es de 18%.<\/p>\n<p>\u201cEl 70% del ingreso del trabajador en 2013 fue de utilidades y por eso Claro puede tener sueldos bajos. Es inconcebible\u201d, subray\u00f3 el mandatario.<\/p>\n","protected":false},"excerpt":{"rendered":"<p>Los representantes de los trabajadores de las empresas Claro (Conecel) y Movistar (Otecel) calificaron de positiva la reuni\u00f3n que tuvieron<\/p>\n","protected":false},"author":1,"featured_media":0,"comment_status":"open","ping_status":"open","sticky":false,"template":"","format":"standard","meta":{"footnotes":""},"categories":[4],"tags":[],"_links":{"self":[{"href":"https:\/\/www.ecuadoraldia.com.ec\/index.php?rest_route=\/wp\/v2\/posts\/4444"}],"collection":[{"href":"https:\/\/www.ecuadoraldia.com.ec\/index.php?rest_route=\/wp\/v2\/posts"}],"about":[{"href":"https:\/\/www.ecuadoraldia.com.ec\/index.php?rest_route=\/wp\/v2\/types\/post"}],"author":[{"embeddable":true,"href":"https:\/\/www.ecuadoraldia.com.ec\/index.php?rest_route=\/wp\/v2\/users\/1"}],"replies":[{"embeddable":true,"href":"https:\/\/www.ecuadoraldia.com.ec\/index.php?rest_route=%2Fwp%2Fv2%2Fcomments&post=4444"}],"version-history":[{"count":1,"href":"https:\/\/www.ecuadoraldia.com.ec\/index.php?rest_route=\/wp\/v2\/posts\/4444\/revisions"}],"predecessor-version":[{"id":4446,"href":"https:\/\/www.ecuadoraldia.com.ec\/index.php?rest_route=\/wp\/v2\/posts\/4444\/revisions\/4446"}],"wp:attachment":[{"href":"https:\/\/www.ecuadoraldia.com.ec\/index.php?rest_route=%2Fwp%2Fv2%2Fmedia&parent=4444"}],"wp:term":[{"taxonomy":"category","embeddable":true,"href":"https:\/\/www.ecuadoraldia.com.ec\/index.php?rest_route=%2Fwp%2Fv2%2Fcategories&post=4444"},{"taxonomy":"post_tag","embeddable":true,"href":"https:\/\/www.ecuadoraldia.com.ec\/index.php?rest_route=%2Fwp%2Fv2%2Ftags&post=4444"}],"curies":[{"name":"wp","href":"https:\/\/api.w.org\/{rel}","templated":true}]}}