{"id":4447,"date":"2014-08-18T21:36:49","date_gmt":"2014-08-18T21:36:49","guid":{"rendered":"http:\/\/www.ecuadoraldia.com.ec\/?p=4447"},"modified":"2014-08-18T21:37:27","modified_gmt":"2014-08-18T21:37:27","slug":"superintendencia-de-bancos-auditara-monto-publico-en-fondos-complementarios","status":"publish","type":"post","link":"https:\/\/www.ecuadoraldia.com.ec\/?p=4447","title":{"rendered":"Superintendencia de Bancos auditar\u00e1 monto p\u00fablico en fondos complementarios"},"content":{"rendered":"<p><a href=\"http:\/\/www.ecuadoraldia.com.ec\/wp-content\/uploads\/2014\/08\/castello1.jpg\"><img loading=\"lazy\" decoding=\"async\" class=\"alignleft size-medium wp-image-4450\" src=\"http:\/\/www.ecuadoraldia.com.ec\/wp-content\/uploads\/2014\/08\/castello1-300x208.jpg\" alt=\"castello\" width=\"300\" height=\"208\" srcset=\"https:\/\/www.ecuadoraldia.com.ec\/wp-content\/uploads\/2014\/08\/castello1-300x208.jpg 300w, https:\/\/www.ecuadoraldia.com.ec\/wp-content\/uploads\/2014\/08\/castello1.jpg 450w\" sizes=\"(max-width: 300px) 100vw, 300px\" \/><\/a>Juan Jos\u00e9 Castell\u00f3, presidente del Fondo de Cesant\u00eda del Magisterio, calific\u00f3 como \u00abpositiva\u00bb la reuni\u00f3n que mantuvo el domingo, pasadas las 19:00, con el presidente Rafael Correa, en el Palacio de Carondelet.<\/p>\n<p>Castell\u00f3 se\u00f1al\u00f3 que la Superintendencia de Bancos realizar\u00e1 una auditor\u00eda de la instituci\u00f3n para determinar el monto de fondos p\u00fablicos.<\/p>\n<p>Manifest\u00f3 que hasta que esto suceda el debate del proyecto de ley de reformas a la Ley de Seguridad Social y a la Ley del Banco del Instituto Ecuatoriano de Seguridad Social (Biess) se suspender\u00eda hasta que se tenga los resultados de la auditor\u00eda.<\/p>\n<p>El representante de los fondos dijo que la auditor\u00eda durar\u00eda 6 meses.<\/p>\n<p>Castell\u00f3 precis\u00f3 que solicitaron a Correa les permita ser parte proactiva en el desarrollo econ\u00f3mico del pa\u00eds, a trav\u00e9s de la inversi\u00f3n en la matriz productiva. Indic\u00f3 que el Fondo de Cesant\u00eda del Magisterio particip\u00f3 en el proyecto Sabanilla, en donde invirtieron $ 62 millones.<\/p>\n<p>Los integrantes del Fondo pidieron participar en la Comisi\u00f3n de los derechos de los trabajadores y se reunir\u00e1n con la Superintendencia de Bancos.<\/p>\n<p>Reiteraron que esperan que se mantenga la opci\u00f3n de que sea el afiliado el que decida s\u00ed sus recursos se van al BIESS o al Fondo del Magisterio.<\/p>\n<p>Cristian Rocha, integrante del Fondo de Cesant\u00eda de empleados civiles de Fuerzas Armadas, manifest\u00f3 que la entidad recibe un aporte del 10% de fondos p\u00fablicos y el 90% restantes, seg\u00fan su criterio, est\u00e1 administrado por ellos. Sin embargo, dijo que esperar\u00e1n el informe de la auditor\u00eda.<\/p>\n<p>Desde las 09:00, la Red de Maestros apoyaron la decisi\u00f3n del gobierno de que sus recursos sean administrados por el Biess. Ellos solicitaron transparencia y cuentas claras del dinero de los aportantes.<\/p>\n<p>Mery Unda, maestra jubilada, dijo que el actual Fondo de Cesant\u00eda del Magisterio tiene calificaci\u00f3n de menos B, mientras que el BIESS tiene una calificaci\u00f3n de triple A. Por ello, Unda dijo que si podr\u00e1n \u00abadministrar los recursos\u00bb.<a href=\"http:\/\/www.ecuadoraldia.com.ec\/wp-content\/uploads\/2014\/08\/castello.jpg\"><img loading=\"lazy\" decoding=\"async\" class=\"alignleft size-medium wp-image-4448\" src=\"http:\/\/www.ecuadoraldia.com.ec\/wp-content\/uploads\/2014\/08\/castello-300x208.jpg\" alt=\"castello\" width=\"300\" height=\"208\" srcset=\"https:\/\/www.ecuadoraldia.com.ec\/wp-content\/uploads\/2014\/08\/castello-300x208.jpg 300w, https:\/\/www.ecuadoraldia.com.ec\/wp-content\/uploads\/2014\/08\/castello.jpg 450w\" sizes=\"(max-width: 300px) 100vw, 300px\" \/><\/a><\/p>\n","protected":false},"excerpt":{"rendered":"<p>Juan Jos\u00e9 Castell\u00f3, presidente del Fondo de Cesant\u00eda del Magisterio, calific\u00f3 como \u00abpositiva\u00bb la reuni\u00f3n que mantuvo el domingo, pasadas<\/p>\n","protected":false},"author":1,"featured_media":0,"comment_status":"open","ping_status":"open","sticky":false,"template":"","format":"standard","meta":{"footnotes":""},"categories":[1],"tags":[],"_links":{"self":[{"href":"https:\/\/www.ecuadoraldia.com.ec\/index.php?rest_route=\/wp\/v2\/posts\/4447"}],"collection":[{"href":"https:\/\/www.ecuadoraldia.com.ec\/index.php?rest_route=\/wp\/v2\/posts"}],"about":[{"href":"https:\/\/www.ecuadoraldia.com.ec\/index.php?rest_route=\/wp\/v2\/types\/post"}],"author":[{"embeddable":true,"href":"https:\/\/www.ecuadoraldia.com.ec\/index.php?rest_route=\/wp\/v2\/users\/1"}],"replies":[{"embeddable":true,"href":"https:\/\/www.ecuadoraldia.com.ec\/index.php?rest_route=%2Fwp%2Fv2%2Fcomments&post=4447"}],"version-history":[{"count":2,"href":"https:\/\/www.ecuadoraldia.com.ec\/index.php?rest_route=\/wp\/v2\/posts\/4447\/revisions"}],"predecessor-version":[{"id":4451,"href":"https:\/\/www.ecuadoraldia.com.ec\/index.php?rest_route=\/wp\/v2\/posts\/4447\/revisions\/4451"}],"wp:attachment":[{"href":"https:\/\/www.ecuadoraldia.com.ec\/index.php?rest_route=%2Fwp%2Fv2%2Fmedia&parent=4447"}],"wp:term":[{"taxonomy":"category","embeddable":true,"href":"https:\/\/www.ecuadoraldia.com.ec\/index.php?rest_route=%2Fwp%2Fv2%2Fcategories&post=4447"},{"taxonomy":"post_tag","embeddable":true,"href":"https:\/\/www.ecuadoraldia.com.ec\/index.php?rest_route=%2Fwp%2Fv2%2Ftags&post=4447"}],"curies":[{"name":"wp","href":"https:\/\/api.w.org\/{rel}","templated":true}]}}