{"id":445,"date":"2013-07-09T21:08:12","date_gmt":"2013-07-09T21:08:12","guid":{"rendered":"http:\/\/www.ecuadoraldia.com.ec\/?p=445"},"modified":"2013-07-09T21:08:12","modified_gmt":"2013-07-09T21:08:12","slug":"oea-realiza-sesion-en-la-que-examina-incidente-contra-evo-morales","status":"publish","type":"post","link":"https:\/\/www.ecuadoraldia.com.ec\/?p=445","title":{"rendered":"OEA realiza sesi\u00f3n en la que examina incidente contra Evo Morales"},"content":{"rendered":"<p><a href=\"http:\/\/www.ecuadoraldia.com.ec\/wp-content\/uploads\/2013\/07\/Evo-OEA.jpg\"><img loading=\"lazy\" decoding=\"async\" class=\"alignleft size-medium wp-image-446\" alt=\"Evo-OEA\" src=\"http:\/\/www.ecuadoraldia.com.ec\/wp-content\/uploads\/2013\/07\/Evo-OEA-300x200.jpg\" width=\"300\" height=\"200\" srcset=\"https:\/\/www.ecuadoraldia.com.ec\/wp-content\/uploads\/2013\/07\/Evo-OEA-300x200.jpg 300w, https:\/\/www.ecuadoraldia.com.ec\/wp-content\/uploads\/2013\/07\/Evo-OEA.jpg 600w\" sizes=\"(max-width: 300px) 100vw, 300px\" \/><\/a>El Consejo Permanente de la Organizaci\u00f3n de Estados Americanos (OEA) inici\u00f3 este martes una sesi\u00f3n extraordinaria para examinar el incidente ocurrido en Europa con el avi\u00f3n del presidente de Bolivia, Evo Morales.<\/p>\n<p>Bolivia, con el apoyo de Venezuela, Nicaragua y Ecuador, presenta en la reuni\u00f3n un proyecto de resoluci\u00f3n para que el organismo decida \u00abrechazar y condenar las actuaciones claramente violatorias de normas y principios b\u00e1sicos del derecho internacional, como la inviolabilidad de los Jefes de Estado\u00bb.<\/p>\n<p>La propuesta de resoluci\u00f3n plantea, adem\u00e1s, \u00abexigir a los Gobiernos de Francia, Portugal, Italia y Espa\u00f1a las explicaciones y disculpas necesarias\u00bb sobre las causas que motivaron la cancelaci\u00f3n de las autorizaciones de sobrevuelo y\/o aterrizaje del avi\u00f3n presidencial que transportaba al mandatario boliviano, el pasado 2 de julio.<\/p>\n<p>El incidente estuvo motivado por la sospecha de que a bordo del avi\u00f3n iba el exanalista de la Agencia Nacional de Seguridad (NSA, por sus siglas en ingl\u00e9s) de Estados Unidos, Edward Snowden, reclamado por EE.UU. por divulgar informaci\u00f3n clasificada, lo que oblig\u00f3 a Morales a desviar su aeronave a Viena y permanecer m\u00e1s de 13 horas en la capital austr\u00edaca a la espera de un nuevo plan de viaje.<\/p>\n<p>Al inicio de la reuni\u00f3n en la sede de la OEA, en Washington, el ministro de Gobierno de Bolivia, Carlos Romero, expuso el caso. \u00abConsideramos de mucha gravedad (este suceso), que se ha expresado en el agravio, el atentado de que ha sido v\u00edctima el presidente Evo Morales luego de cumplir una misi\u00f3n oficial en Mosc\u00fa\u00bb, se\u00f1al\u00f3.<\/p>\n<p>\u00abSe podr\u00eda decir que se trata de una acci\u00f3n intercontinental porque compromete a pa\u00edses de Europa (&#8230;) deducimos que por instrucciones o por gestiones de Estados Unidos\u00bb, sostuvo.<\/p>\n<p>Tambi\u00e9n dijo que lejos de encontrar una explicaci\u00f3n prudente de las autoridades de los pa\u00edses involucrados, \u00abnos hemos encontrado sorpresivamente con una actitud soberbia y contradictoria\u00bb.<\/p>\n<p>Los embajadores ante la OEA de Nicaragua, Denis Moncada, y Venezuela, Roy Chaderton, criticaron tambi\u00e9n la actuaci\u00f3n del embajador espa\u00f1ol.<\/p>\n<p>\u00abEstamos indignados y ofendidos por el secuestro de la aeronave que transportaba al jefe de Estado de Bolivia, Evo Morales\u00bb, dijo Chaderton.<\/p>\n<p>\u00abC\u00f3mo olvidar al embajador europeo enloquecido que trat\u00f3 de revisar personalmente el avi\u00f3n. Seguramente se imaginaba entrando al avi\u00f3n y d\u00e1ndole unos golpecitos en la espalda al presidente mientras se introduc\u00edan en busca del cafecito y del se\u00f1or Snowden\u00bb, a\u00f1adi\u00f3.<\/p>\n<p>El dilom\u00e1tico tambi\u00e9n reiter\u00f3 la disposici\u00f3n del gobierno del presidente Nicol\u00e1s Maduro de otorgar asilo humanitario \u00aba los perseguidos por la injusticia\u00bb, a prop\u00f3sito de la solicitud hecha por el ext\u00e9cnico de la CIA.<\/p>\n<p>Mientras que la Embajadora de Ecuador, Mar\u00eda Isabel Salvador, reiter\u00f3 que el hecho es \u00abextremadamente grave\u00bb, pues se puso en peligro la seguridad y vida de un Jefe de Estado.<\/p>\n<p>A\u00f1adi\u00f3 que no solo atenta contra la dignidad de un presidente de un estado soberano y de todo un continente.<\/p>\n<p>En tanto que los representantes de Francia, Espa\u00f1a, Italia y Portugal dieron explicaciones en la reuni\u00f3n y aseguraron que no violaron ning\u00fan tratado internacional, obstruyeron ni cancelaron el paso del avi\u00f3n por sus espacios a\u00e9reos. (El Tel\u00e9grafo)<\/p>\n","protected":false},"excerpt":{"rendered":"<p>El Consejo Permanente de la Organizaci\u00f3n de Estados Americanos (OEA) inici\u00f3 este martes una sesi\u00f3n extraordinaria para examinar el incidente<\/p>\n","protected":false},"author":1,"featured_media":0,"comment_status":"open","ping_status":"open","sticky":false,"template":"","format":"standard","meta":{"footnotes":""},"categories":[1],"tags":[],"_links":{"self":[{"href":"https:\/\/www.ecuadoraldia.com.ec\/index.php?rest_route=\/wp\/v2\/posts\/445"}],"collection":[{"href":"https:\/\/www.ecuadoraldia.com.ec\/index.php?rest_route=\/wp\/v2\/posts"}],"about":[{"href":"https:\/\/www.ecuadoraldia.com.ec\/index.php?rest_route=\/wp\/v2\/types\/post"}],"author":[{"embeddable":true,"href":"https:\/\/www.ecuadoraldia.com.ec\/index.php?rest_route=\/wp\/v2\/users\/1"}],"replies":[{"embeddable":true,"href":"https:\/\/www.ecuadoraldia.com.ec\/index.php?rest_route=%2Fwp%2Fv2%2Fcomments&post=445"}],"version-history":[{"count":2,"href":"https:\/\/www.ecuadoraldia.com.ec\/index.php?rest_route=\/wp\/v2\/posts\/445\/revisions"}],"predecessor-version":[{"id":448,"href":"https:\/\/www.ecuadoraldia.com.ec\/index.php?rest_route=\/wp\/v2\/posts\/445\/revisions\/448"}],"wp:attachment":[{"href":"https:\/\/www.ecuadoraldia.com.ec\/index.php?rest_route=%2Fwp%2Fv2%2Fmedia&parent=445"}],"wp:term":[{"taxonomy":"category","embeddable":true,"href":"https:\/\/www.ecuadoraldia.com.ec\/index.php?rest_route=%2Fwp%2Fv2%2Fcategories&post=445"},{"taxonomy":"post_tag","embeddable":true,"href":"https:\/\/www.ecuadoraldia.com.ec\/index.php?rest_route=%2Fwp%2Fv2%2Ftags&post=445"}],"curies":[{"name":"wp","href":"https:\/\/api.w.org\/{rel}","templated":true}]}}