{"id":4455,"date":"2014-08-18T21:41:50","date_gmt":"2014-08-18T21:41:50","guid":{"rendered":"http:\/\/www.ecuadoraldia.com.ec\/?p=4455"},"modified":"2014-08-18T21:41:50","modified_gmt":"2014-08-18T21:41:50","slug":"presidente-correa-cumplira-manana-apretada-agenda-en-guatemala","status":"publish","type":"post","link":"https:\/\/www.ecuadoraldia.com.ec\/?p=4455","title":{"rendered":"Presidente Correa cumplir\u00e1 ma\u00f1ana apretada agenda en Guatemala"},"content":{"rendered":"<p><a href=\"http:\/\/www.ecuadoraldia.com.ec\/wp-content\/uploads\/2014\/08\/Correa-.jpg\"><img loading=\"lazy\" decoding=\"async\" class=\"alignleft size-medium wp-image-4456\" src=\"http:\/\/www.ecuadoraldia.com.ec\/wp-content\/uploads\/2014\/08\/Correa--300x192.jpg\" alt=\"Correa-\" width=\"300\" height=\"192\" srcset=\"https:\/\/www.ecuadoraldia.com.ec\/wp-content\/uploads\/2014\/08\/Correa--300x192.jpg 300w, https:\/\/www.ecuadoraldia.com.ec\/wp-content\/uploads\/2014\/08\/Correa-.jpg 450w\" sizes=\"(max-width: 300px) 100vw, 300px\" \/><\/a>El presidente de Ecuador, Rafael Correa, cumplir\u00e1 ma\u00f1ana una apretada agenda de trabajo en su visita de un d\u00eda a Guatemala para participar en un foro regional sobre modelos de desarrollo y reunirse con su hom\u00f3logo Otto P\u00e9rez Molina, para hablar sobre nuevas pol\u00edticas contra las drogas.<\/p>\n<p>Correa tiene previsto llegar a la capital guatemalteca a las 23:00 hora local de este lunes (05:00 GMT del martes).<\/p>\n<p>De acuerdo con la agenda inicial preparada por la Canciller\u00eda guatemalteca, el presidente ecuatoriano asistir\u00e1 ma\u00f1ana a la inauguraci\u00f3n del V Foro Regional Esquipulas, en la que tambi\u00e9n participar\u00e1 P\u00e9rez Molina, el cual se celebrar\u00e1 en un hotel del sur de la ciudad.<\/p>\n<p>Este evento, al que asistir\u00e1n 11 exmandatarios latinoamericanos, es organizado por la Fundaci\u00f3n Esquipulas para la Integraci\u00f3n Centroamericana, creada por el expresidente de Guatemala Vinicio Cerezo (1986-1991) como una plataforma para construir agendas de propuestas que permitan avanzar hacia el desarrollo econ\u00f3mico y social con equidad en Centroam\u00e9rica.<\/p>\n<p>Entre las 08:30 y 11:00 locales (14:30 y 17:00 GMT) Correa tiene programado ofrecer en el evento, que ser\u00e1 de un solo d\u00eda, la conferencia \u00abEl ser humano por encima de las utilidades: Una visi\u00f3n econ\u00f3mica diferente para el desarrollo\u00bb.<\/p>\n<p>Ser\u00e1 hasta las 15:00 locales (21:00 GMT) que el mandatario de Ecuador y su delegaci\u00f3n ser\u00e1 recibido con honores en una ceremonia oficial en el Palacio Nacional de la Cultura por el jefe de Estado de Guatemala.<\/p>\n<p>Media hora despu\u00e9s est\u00e1 programada la reuni\u00f3n bilateral en la que, seg\u00fan el ministro guatemalteco de Relaciones Exteriores, Fernando Carrera, ambos presidentes hablar\u00e1n sobre la nueva pol\u00edtica contra las drogas que impulsa desde 2012 P\u00e9rez Molina.<\/p>\n<p>Tambi\u00e9n discutir\u00e1n aspectos del intercambio comercial, inversiones y el fortalecimiento de las relaciones diplom\u00e1ticas entre los dos pa\u00edses.<\/p>\n<p>De acuerdo con la agenda, a las 16:20 (22:20 GMT), P\u00e9rez Molina y Correa ofrecer\u00e1n una rueda de prensa conjunta en el Sal\u00f3n de las Banderas del antiguo Palacio de Gobierno para dar a conocer los resultados de la reuni\u00f3n.<\/p>\n<p>Luego, el gobernante ecuatoriano ser\u00e1 trasladado hacia la Avenida Las Am\u00e9ricas, en el sur de la capital, para participar en la inauguraci\u00f3n de la Plaza Ecuador, en un acto que organiza la Municipalidad metropolitana.<\/p>\n<p>Correa tiene previsto regresar a su pa\u00eds a las 19:00 (01:00 GMT del mi\u00e9rcoles).EFE<\/p>\n","protected":false},"excerpt":{"rendered":"<p>El presidente de Ecuador, Rafael Correa, cumplir\u00e1 ma\u00f1ana una apretada agenda de trabajo en su visita de un d\u00eda a<\/p>\n","protected":false},"author":1,"featured_media":0,"comment_status":"open","ping_status":"open","sticky":false,"template":"","format":"standard","meta":{"footnotes":""},"categories":[1],"tags":[],"_links":{"self":[{"href":"https:\/\/www.ecuadoraldia.com.ec\/index.php?rest_route=\/wp\/v2\/posts\/4455"}],"collection":[{"href":"https:\/\/www.ecuadoraldia.com.ec\/index.php?rest_route=\/wp\/v2\/posts"}],"about":[{"href":"https:\/\/www.ecuadoraldia.com.ec\/index.php?rest_route=\/wp\/v2\/types\/post"}],"author":[{"embeddable":true,"href":"https:\/\/www.ecuadoraldia.com.ec\/index.php?rest_route=\/wp\/v2\/users\/1"}],"replies":[{"embeddable":true,"href":"https:\/\/www.ecuadoraldia.com.ec\/index.php?rest_route=%2Fwp%2Fv2%2Fcomments&post=4455"}],"version-history":[{"count":1,"href":"https:\/\/www.ecuadoraldia.com.ec\/index.php?rest_route=\/wp\/v2\/posts\/4455\/revisions"}],"predecessor-version":[{"id":4457,"href":"https:\/\/www.ecuadoraldia.com.ec\/index.php?rest_route=\/wp\/v2\/posts\/4455\/revisions\/4457"}],"wp:attachment":[{"href":"https:\/\/www.ecuadoraldia.com.ec\/index.php?rest_route=%2Fwp%2Fv2%2Fmedia&parent=4455"}],"wp:term":[{"taxonomy":"category","embeddable":true,"href":"https:\/\/www.ecuadoraldia.com.ec\/index.php?rest_route=%2Fwp%2Fv2%2Fcategories&post=4455"},{"taxonomy":"post_tag","embeddable":true,"href":"https:\/\/www.ecuadoraldia.com.ec\/index.php?rest_route=%2Fwp%2Fv2%2Ftags&post=4455"}],"curies":[{"name":"wp","href":"https:\/\/api.w.org\/{rel}","templated":true}]}}