{"id":4458,"date":"2014-08-19T23:49:22","date_gmt":"2014-08-19T23:49:22","guid":{"rendered":"http:\/\/www.ecuadoraldia.com.ec\/?p=4458"},"modified":"2014-08-20T00:03:55","modified_gmt":"2014-08-20T00:03:55","slug":"critican-acciones-de-rafael-correa","status":"publish","type":"post","link":"https:\/\/www.ecuadoraldia.com.ec\/?p=4458","title":{"rendered":"Critican acciones de Rafael Correa"},"content":{"rendered":"<p><a href=\"http:\/\/www.ecuadoraldia.com.ec\/wp-content\/uploads\/2014\/08\/Regional-Esquipulas_.jpg\"><img loading=\"lazy\" decoding=\"async\" class=\"alignleft size-medium wp-image-4459\" src=\"http:\/\/www.ecuadoraldia.com.ec\/wp-content\/uploads\/2014\/08\/Regional-Esquipulas_-300x204.jpg\" alt=\"-Regional-Esquipulas_\" width=\"300\" height=\"204\" srcset=\"https:\/\/www.ecuadoraldia.com.ec\/wp-content\/uploads\/2014\/08\/Regional-Esquipulas_-300x204.jpg 300w, https:\/\/www.ecuadoraldia.com.ec\/wp-content\/uploads\/2014\/08\/Regional-Esquipulas_.jpg 473w\" sizes=\"(max-width: 300px) 100vw, 300px\" \/><\/a>AFP). Distintos sectores critican la visita al pa\u00eds del presidente de Ecuador, Rafael Correa, se\u00f1alado de atentar contra la libre emisi\u00f3n del pensamiento en su pa\u00eds al impulsar leyes que coartan ese derecho y la libertad de expresi\u00f3n, por ser intolerante a cuestionamientos contra \u00e9l o su gobierno.<\/p>\n<p>Correa arrib\u00f3 anoche a Guatemala, para participar como conferencista en el Quinto Foro Regional Esquipulas, sobre el modelo econ\u00f3mico implementado en su pa\u00eds.<\/p>\n<p>El gobernante ecuatoriano, que cumple su segundo mandato, ha promovido leyes y entablado demandas para \u201cregular\u201d lo que se da a conocer por los medios de comunicaci\u00f3n, p\u00fablicos e independientes.<\/p>\n<p>Diversos sectores cuestionan el ejemplo que pueden dar las autoridades ecuatorianas a Guatemala, al promover tales restricciones contra la libertad de prensa.<\/p>\n<p>La situaci\u00f3n empeor\u00f3 luego de la aprobaci\u00f3n en aquel pa\u00eds, en junio del 2013, de la Ley de Comunicaci\u00f3n, llamada \u201cmordaza\u201d, debido a los controles excesivos hacia los medios de prensa.<\/p>\n<p>Dictadura disfrazada<\/p>\n<p>\u201cNo se puede justificar cualquier \u00e9xito o desarrollo cuando va de la mano de coartar derechos inalienables como la libre expresi\u00f3n. Es como decir que sin autoridad represiva no se lograr\u00e1n cambios en los pa\u00edses\u201d, dijo Roberto Wagner, analista en temas internacionales, al aludir al avance econ\u00f3mico que haya podido tener Ecuador, pero no a costa de la libertad de emisi\u00f3n del pensamiento.<\/p>\n<p>\u201cCorrea ha tenido una ret\u00f3rica de llamar a los cr\u00edticos de su gesti\u00f3n como enemigos de la patria, y no es una diferencia de las dictaduras militares que tanto han dado en nuestros pa\u00edses. Dictaduras disfrazadas de democracia\u201d, opina Wagner.<\/p>\n<p>A Guatemala \u201cno le conviene una asesor\u00eda de ese tipo, por la situaci\u00f3n en su pa\u00eds, donde se veda el derecho de informar y estar realmente informados\u201d, afirm\u00f3 Mario Roberto Cu, de la agrupaci\u00f3n pol\u00edtica Coraz\u00f3n Nueva Naci\u00f3n.<\/p>\n<p>Para Jos\u00e9 Luis Gonz\u00e1lez, de la Liga Pro Patria, si en un pa\u00eds no hay libertad de emisi\u00f3n del pensamiento, no hay libertad de nada.<\/p>\n<p>\u201cEcuador no puede servirnos de ejemplo, y menos su presidente, con ese r\u00e9cord de abusador de derechos\u201d, enfatiz\u00f3.<\/p>\n<p>De la libertad de expresi\u00f3n dependen otras libertades, indic\u00f3 Jorge Briz, presidente de la C\u00e1mara de Comercio, quien ve con preocupaci\u00f3n lo que los gobernantes pueden hacer en sus pa\u00edses, pese a que est\u00e1n obligados a proteger ese principio.<\/p>\n<p>El presidente del tribunal de honor de la C\u00e1mara Guatemalteca de Periodismo, Pedro Trujillo, se\u00f1al\u00f3: \u201c\u00c9l \u2013Correa\u2014 viene a hablar aqu\u00ed de \u00e9xitos.<\/p>\n<p>El problema es que debido a las limitaciones en la prensa libre que pone en su pa\u00eds, no pueden medirse \u00e9xitos, por no haber libertad de cr\u00edtica. Se convierte en una rueda enga\u00f1osa\u201d.<\/p>\n<p>De acuerdo con el presidente de elPeri\u00f3dico, Jose Rub\u00e9n Zamora, Ecuador ha retrocedido a \u00e9pocas medievales, ya que del lado econ\u00f3mico ha mostrado que puede experimentar tasas de crecimiento importantes, pero en cuanto a libertades p\u00fablicas y pol\u00edticas los llev\u00f3 al atraso.<\/p>\n<p>\u201cEs una de cal y una de recontraarena, porque de un lado hacen bien las cosas, pero por otro asume una actitud represiva\u201d, afirm\u00f3 Zamora.<\/p>\n<p>COMIENZA FORO<\/p>\n<p>El Quinto Foro Regional Esquipulas, que comienza hoy, tiene por lema \u201cVoces protagonistas para el desarrollo centroamericano\u201d.<\/p>\n<p>La inauguraci\u00f3n est\u00e1 a cargo del presidente Otto P\u00e9rez Molina.<\/p>\n<p>Despu\u00e9s expondr\u00e1 el expresidente Vinicio Cerezo el tema \u201cHacia un nuevo modelo de desarrollo econ\u00f3mico y social\u201d.<\/p>\n<p>Contin\u00faa la conferencia magistral de Rafael Correa, con el t\u00edtulo \u201cEl ser humano por encima de las utilidades: una visi\u00f3n econ\u00f3mica diferente para el desarrollo\u201d.<\/p>\n<p>Los exgobernantes \u00c1lvaro Colom y \u00c1lvaro Arz\u00fa tambi\u00e9n son panelistas.<\/p>\n<p>Participan exmandatarios de otros pa\u00edses, entre ellos Mart\u00edn Torrijos y Nicol\u00e1s Barletta, de Panam\u00e1; Ernesto Samper, de Colombia; Carlos Mesa, de Bolivia; Leonel Fern\u00e1ndez, de Rep\u00fablica Dominicana, y Luis Alberto Lacalle, de Uruguay.<\/p>\n<p><strong>comentarios<\/strong><\/p>\n<p><strong>pedro soto.<\/strong><\/p>\n<p><strong>El unico que no le gusta la visita del presidente mas completo que tiene America Latina es el arrastrado de Pedro Trujillo el piensa que sus ideas de derechoide racista todavia funciona. habria que preguntarle que ha echo de bueno por el pais que le da de comer. Ojala algo se aprenda de Correa un presidente digno con un plan real de nacion. Y como el dice el ser humano por delante de cualquier cosa. Totalmente de acuerdo!. Guate no puede mas dejar morir de hambre a su gente.<\/strong><\/p>\n<p>&nbsp;<\/p>\n","protected":false},"excerpt":{"rendered":"<p>AFP). Distintos sectores critican la visita al pa\u00eds del presidente de Ecuador, Rafael Correa, se\u00f1alado de atentar contra la libre<\/p>\n","protected":false},"author":1,"featured_media":0,"comment_status":"open","ping_status":"open","sticky":false,"template":"","format":"standard","meta":{"footnotes":""},"categories":[7],"tags":[],"_links":{"self":[{"href":"https:\/\/www.ecuadoraldia.com.ec\/index.php?rest_route=\/wp\/v2\/posts\/4458"}],"collection":[{"href":"https:\/\/www.ecuadoraldia.com.ec\/index.php?rest_route=\/wp\/v2\/posts"}],"about":[{"href":"https:\/\/www.ecuadoraldia.com.ec\/index.php?rest_route=\/wp\/v2\/types\/post"}],"author":[{"embeddable":true,"href":"https:\/\/www.ecuadoraldia.com.ec\/index.php?rest_route=\/wp\/v2\/users\/1"}],"replies":[{"embeddable":true,"href":"https:\/\/www.ecuadoraldia.com.ec\/index.php?rest_route=%2Fwp%2Fv2%2Fcomments&post=4458"}],"version-history":[{"count":1,"href":"https:\/\/www.ecuadoraldia.com.ec\/index.php?rest_route=\/wp\/v2\/posts\/4458\/revisions"}],"predecessor-version":[{"id":4460,"href":"https:\/\/www.ecuadoraldia.com.ec\/index.php?rest_route=\/wp\/v2\/posts\/4458\/revisions\/4460"}],"wp:attachment":[{"href":"https:\/\/www.ecuadoraldia.com.ec\/index.php?rest_route=%2Fwp%2Fv2%2Fmedia&parent=4458"}],"wp:term":[{"taxonomy":"category","embeddable":true,"href":"https:\/\/www.ecuadoraldia.com.ec\/index.php?rest_route=%2Fwp%2Fv2%2Fcategories&post=4458"},{"taxonomy":"post_tag","embeddable":true,"href":"https:\/\/www.ecuadoraldia.com.ec\/index.php?rest_route=%2Fwp%2Fv2%2Ftags&post=4458"}],"curies":[{"name":"wp","href":"https:\/\/api.w.org\/{rel}","templated":true}]}}