{"id":4461,"date":"2014-08-19T23:54:40","date_gmt":"2014-08-19T23:54:40","guid":{"rendered":"http:\/\/www.ecuadoraldia.com.ec\/?p=4461"},"modified":"2014-08-19T23:54:40","modified_gmt":"2014-08-19T23:54:40","slug":"es-necesario-cambiar-las-relaciones-de-poder-dice-correa","status":"publish","type":"post","link":"https:\/\/www.ecuadoraldia.com.ec\/?p=4461","title":{"rendered":"\u00abEs necesario cambiar las relaciones de poder\u00bb, dice Correa"},"content":{"rendered":"<p>EFE. CIUDAD DE GUATEMALA &#8211; Correa destac\u00f3 que la econom\u00eda de su pa\u00eds, con la implementaci\u00f3n de ese modelo, se ha triplicado en los \u00faltimos 10 a\u00f1os y destac\u00f3 que debe haber un cambio de las relaciones de poder, tanto nacionales como internacionales.<\/p>\n<p>Destac\u00f3 iniciativas que se han implementado en Ecuador como la creaci\u00f3n del salario digno, en vez del salario m\u00ednimo, que consiste en que un trabajador gana lo que le es suficiente para vivir y en donde una empresa no puede reportar utilidades, toda vez pague salarios m\u00ednimos.<\/p>\n<p>Tambi\u00e9n destaco la iniciativa de quitar plusval\u00eda de terrenos ociosos, para que los recursos pasen a poder del estado.<\/p>\n<p>Otro de los ejes es el cambio cultural, se\u00f1alo que en Latinoam\u00e9rica, estamos acostumbrados a no trabajar en equipo y siempre le echamos la culpa a terceros de todo lo que nos pasa.<\/p>\n<p><a href=\"http:\/\/www.ecuadoraldia.com.ec\/wp-content\/uploads\/2014\/08\/rafael_correa-ecuador_.jpg\"><img loading=\"lazy\" decoding=\"async\" class=\"alignleft size-medium wp-image-4462\" src=\"http:\/\/www.ecuadoraldia.com.ec\/wp-content\/uploads\/2014\/08\/rafael_correa-ecuador_-300x204.jpg\" alt=\"rafael_correa-ecuador_\" width=\"300\" height=\"204\" srcset=\"https:\/\/www.ecuadoraldia.com.ec\/wp-content\/uploads\/2014\/08\/rafael_correa-ecuador_-300x204.jpg 300w, https:\/\/www.ecuadoraldia.com.ec\/wp-content\/uploads\/2014\/08\/rafael_correa-ecuador_.jpg 473w\" sizes=\"(max-width: 300px) 100vw, 300px\" \/><\/a>Explic\u00f3 que es necesaria la explotaci\u00f3n de recursos naturales, pues considera que deben ser implementados por iniciativas privadas, pero si no lo hacen el Estado debe tomar la iniciativa.<\/p>\n<p>Critic\u00f3 a organizaciones no gubernamentales ambientalistas, quienes rechazan la explotaci\u00f3n de recursos nacionales y defienden los recursos naturales a costa de la pobreza de la gente.<\/p>\n<p>Se mostr\u00f3 en contra de organismos internacionales como al Organizaci\u00f3n de Estados Americanos e indic\u00f3 estar a favor de la iniciativa latinoamericana de la Comunidad de Estados Latinoamericanos y Caribe\u00f1os (Celac).<\/p>\n<p>Dijo que es necesario cambiar la estrategia de la lucha contra el narcotr\u00e1fico.<\/p>\n<p>Critic\u00f3 el papel que los medios de comunicaci\u00f3n han jugado en su pa\u00eds, pues seg\u00fan \u00e9l, obedecen a los intereses de los due\u00f1os de la imprenta y no a los intereses de los ecuatorianos.<\/p>\n<p>En la actividad estuvieron presentes ministros y posibles candidatos presidenciales, empresarios, as\u00ed como expresidentes latinoamericanos.<\/p>\n","protected":false},"excerpt":{"rendered":"<p>EFE. CIUDAD DE GUATEMALA &#8211; Correa destac\u00f3 que la econom\u00eda de su pa\u00eds, con la implementaci\u00f3n de ese modelo, se<\/p>\n","protected":false},"author":1,"featured_media":0,"comment_status":"open","ping_status":"open","sticky":false,"template":"","format":"standard","meta":{"footnotes":""},"categories":[1],"tags":[],"_links":{"self":[{"href":"https:\/\/www.ecuadoraldia.com.ec\/index.php?rest_route=\/wp\/v2\/posts\/4461"}],"collection":[{"href":"https:\/\/www.ecuadoraldia.com.ec\/index.php?rest_route=\/wp\/v2\/posts"}],"about":[{"href":"https:\/\/www.ecuadoraldia.com.ec\/index.php?rest_route=\/wp\/v2\/types\/post"}],"author":[{"embeddable":true,"href":"https:\/\/www.ecuadoraldia.com.ec\/index.php?rest_route=\/wp\/v2\/users\/1"}],"replies":[{"embeddable":true,"href":"https:\/\/www.ecuadoraldia.com.ec\/index.php?rest_route=%2Fwp%2Fv2%2Fcomments&post=4461"}],"version-history":[{"count":1,"href":"https:\/\/www.ecuadoraldia.com.ec\/index.php?rest_route=\/wp\/v2\/posts\/4461\/revisions"}],"predecessor-version":[{"id":4463,"href":"https:\/\/www.ecuadoraldia.com.ec\/index.php?rest_route=\/wp\/v2\/posts\/4461\/revisions\/4463"}],"wp:attachment":[{"href":"https:\/\/www.ecuadoraldia.com.ec\/index.php?rest_route=%2Fwp%2Fv2%2Fmedia&parent=4461"}],"wp:term":[{"taxonomy":"category","embeddable":true,"href":"https:\/\/www.ecuadoraldia.com.ec\/index.php?rest_route=%2Fwp%2Fv2%2Fcategories&post=4461"},{"taxonomy":"post_tag","embeddable":true,"href":"https:\/\/www.ecuadoraldia.com.ec\/index.php?rest_route=%2Fwp%2Fv2%2Ftags&post=4461"}],"curies":[{"name":"wp","href":"https:\/\/api.w.org\/{rel}","templated":true}]}}