{"id":4464,"date":"2014-08-19T23:56:13","date_gmt":"2014-08-19T23:56:13","guid":{"rendered":"http:\/\/www.ecuadoraldia.com.ec\/?p=4464"},"modified":"2014-08-20T00:01:57","modified_gmt":"2014-08-20T00:01:57","slug":"mas-de-60-hectareas-estarian-afectadas-por-incendio-en-el-cerro-auqui","status":"publish","type":"post","link":"https:\/\/www.ecuadoraldia.com.ec\/?p=4464","title":{"rendered":"M\u00e1s de 60 hect\u00e1reas estar\u00edan afectadas por incendio en el cerro Auqui"},"content":{"rendered":"<p><a href=\"http:\/\/www.ecuadoraldia.com.ec\/wp-content\/uploads\/2014\/08\/bsq1.jpg\"><img loading=\"lazy\" decoding=\"async\" class=\"alignleft size-medium wp-image-4467\" src=\"http:\/\/www.ecuadoraldia.com.ec\/wp-content\/uploads\/2014\/08\/bsq1-300x224.jpg\" alt=\"bsq\" width=\"300\" height=\"224\" srcset=\"https:\/\/www.ecuadoraldia.com.ec\/wp-content\/uploads\/2014\/08\/bsq1-300x224.jpg 300w, https:\/\/www.ecuadoraldia.com.ec\/wp-content\/uploads\/2014\/08\/bsq1.jpg 441w\" sizes=\"(max-width: 300px) 100vw, 300px\" \/><\/a>Miembros del Cuerpo de Bomberos de Quito tratan de controlar un incendio forestal en las laderas del cerro Auqui, ubicado en el sector de Santa Rosa de Cumbay\u00e1.<\/p>\n<p>Moradores del sector se\u00f1alaron que presuntamente vieron a unos ni\u00f1os encender el pastizal.<\/p>\n<p>En este lugar se desplegaron 40 bomberos, 4 tanqueros y camionetas, as\u00ed como una motobomba y un motorizado. Tambi\u00e9n participa de estas labores un helic\u00f3ptero de las Fuerzas Armadas que arrojar\u00e1 agua desde el aire con un dispositivo &#8216;bambi bucket&#8217;, y el apoyo de Polic\u00eda Nacional y Metropolitana, quienes act\u00faan en la segunda l\u00ednea de fuego.<\/p>\n<p>El subinspector Jorge Sanango, de la Polic\u00eda Metropolitana, indic\u00f3 que 50 efectivos municipales participaron en el operativo de control del flagelo, que se inici\u00f3 en la parte superior del cerro Auqui hasta llegar a la parte suroriental.<\/p>\n<p>El uniformado estim\u00f3 que m\u00e1s de 60 hect\u00e1reas estar\u00edan afectadas. \u00abSe ha logrado extinguir en la parte sur oriental del incendio\u00bb, detall\u00f3 Sanango.<\/p>\n<p>Confirm\u00f3 que el incendio se registr\u00f3 en la parte suroriental del cerro, a 2 kil\u00f3metros del inicio de la Ruta Viva.<\/p>\n<p>El helic\u00f3ptero de las Fuerzas Armadas ya realiz\u00f3 4 descargas de agua, pero no se ha podido controlar las llamas.<\/p>\n<p>Los organismos de emergencia a\u00fan no determinan el \u00e1rea afectada por el flagelo.<\/p>\n<p>El incendio est\u00e1 cerca al intercambiador de la Ruta Viva, que conecta con la avenida Sim\u00f3n Bol\u00edvar, al oriente de Quito.<\/p>\n<p>De igual forma, personal de la Agencia Metropolitana de Tr\u00e1nsito cerr\u00f3 el paso del carril derecho en el sentido sur \u2013 norte de la avenida Sim\u00f3n Bol\u00edvar para facilitar el paso de veh\u00edculos de emergencia.<\/p>\n<p>Francisco Alvear, director de comunicaci\u00f3n, se\u00f1al\u00f3 que el incendio hasta el momento no se ha controlado. Explic\u00f3 que los casacas rojas est\u00e1n realizando labores de combate y extinci\u00f3n del flagelo.<\/p>\n<p>Precis\u00f3 que hasta el momento no se conoce cu\u00e1ntas h\u00e9ctareas est\u00e1n afectadas, \u00abuna vez controlado se realizar\u00e1 una georeferenciaci\u00f3n del \u00e1rea\u00bb. As\u00ed, tambi\u00e9n, la Unidad de Investigaciones de Incendios Forestales determinar\u00e1 luego la causa. \u00abNo tenemos informaci\u00f3n todav\u00eda de las especies afectadas\u00bb, dijo Alvear.<\/p>\n<p>El ECU 911 report\u00f3 en total 5 incendios hoy en Quito. Adem\u00e1s del flagelo en Auqui, el Cuerpo de Bomberos registr\u00f3 incendios en la avenida Sim\u00f3n Bolivar, por los alrededores de la Universidad Internacional, las canteras La Libertad, Cumbay\u00e1 y Santa Rosa de Pintag.<\/p>\n","protected":false},"excerpt":{"rendered":"<p>Miembros del Cuerpo de Bomberos de Quito tratan de controlar un incendio forestal en las laderas del cerro Auqui, ubicado<\/p>\n","protected":false},"author":1,"featured_media":0,"comment_status":"open","ping_status":"open","sticky":false,"template":"","format":"standard","meta":{"footnotes":""},"categories":[1],"tags":[],"_links":{"self":[{"href":"https:\/\/www.ecuadoraldia.com.ec\/index.php?rest_route=\/wp\/v2\/posts\/4464"}],"collection":[{"href":"https:\/\/www.ecuadoraldia.com.ec\/index.php?rest_route=\/wp\/v2\/posts"}],"about":[{"href":"https:\/\/www.ecuadoraldia.com.ec\/index.php?rest_route=\/wp\/v2\/types\/post"}],"author":[{"embeddable":true,"href":"https:\/\/www.ecuadoraldia.com.ec\/index.php?rest_route=\/wp\/v2\/users\/1"}],"replies":[{"embeddable":true,"href":"https:\/\/www.ecuadoraldia.com.ec\/index.php?rest_route=%2Fwp%2Fv2%2Fcomments&post=4464"}],"version-history":[{"count":3,"href":"https:\/\/www.ecuadoraldia.com.ec\/index.php?rest_route=\/wp\/v2\/posts\/4464\/revisions"}],"predecessor-version":[{"id":4469,"href":"https:\/\/www.ecuadoraldia.com.ec\/index.php?rest_route=\/wp\/v2\/posts\/4464\/revisions\/4469"}],"wp:attachment":[{"href":"https:\/\/www.ecuadoraldia.com.ec\/index.php?rest_route=%2Fwp%2Fv2%2Fmedia&parent=4464"}],"wp:term":[{"taxonomy":"category","embeddable":true,"href":"https:\/\/www.ecuadoraldia.com.ec\/index.php?rest_route=%2Fwp%2Fv2%2Fcategories&post=4464"},{"taxonomy":"post_tag","embeddable":true,"href":"https:\/\/www.ecuadoraldia.com.ec\/index.php?rest_route=%2Fwp%2Fv2%2Ftags&post=4464"}],"curies":[{"name":"wp","href":"https:\/\/api.w.org\/{rel}","templated":true}]}}