{"id":4470,"date":"2014-08-20T00:07:41","date_gmt":"2014-08-20T00:07:41","guid":{"rendered":"http:\/\/www.ecuadoraldia.com.ec\/?p=4470"},"modified":"2014-08-20T00:07:41","modified_gmt":"2014-08-20T00:07:41","slug":"brasil-y-bolivia-dan-listas-de-convocados-para-enfrentar-a-ecuador","status":"publish","type":"post","link":"https:\/\/www.ecuadoraldia.com.ec\/?p=4470","title":{"rendered":"Brasil y Bolivia dan listas de convocados para enfrentar a Ecuador"},"content":{"rendered":"<p><a href=\"http:\/\/www.ecuadoraldia.com.ec\/wp-content\/uploads\/2014\/08\/conv.jpg\"><img loading=\"lazy\" decoding=\"async\" class=\"alignleft size-medium wp-image-4471\" src=\"http:\/\/www.ecuadoraldia.com.ec\/wp-content\/uploads\/2014\/08\/conv-300x231.jpg\" alt=\"conv\" width=\"300\" height=\"231\" srcset=\"https:\/\/www.ecuadoraldia.com.ec\/wp-content\/uploads\/2014\/08\/conv-300x231.jpg 300w, https:\/\/www.ecuadoraldia.com.ec\/wp-content\/uploads\/2014\/08\/conv.jpg 353w\" sizes=\"(max-width: 300px) 100vw, 300px\" \/><\/a>La selecci\u00f3n Mundialista, Brasil, ahora dirigida por Dunga revel\u00f3 la lista de convocados para sus partidos amistoso, uno de ellos ante Ecuador y el otro ante Colombia. Entre tanto Bolivia jugar\u00e1 ante la Tricolor el 4 de septiembre y llam\u00f3 a 20 jugadores.<\/p>\n<p>Por otra parte, Sixto Vizuete entrenador de Ecuador a\u00fan no da la lista de convocados para estos compromisos que ante los del &#8216;Altiplano&#8217; se jugar\u00e1 en Miami en estadio por confirmar y con los organizadores del reciente mundial el 9 del pr\u00f3ximo mes en New Jersey.<\/p>\n<p>Lista de convocados de Brasil:<br \/>\nPorteros: Jefferson (Botafogo) y Rafael (N\u00e1poles\/ITA)<br \/>\nDefensas: Danilo (Oporto\/POR), Maicon (Roma\/ITA), Filipe Luis (Chelsea\/ING) y Alex Sandro (Oporto\/POR), David Luiz, Marquinhos (Par\u00eds Saint Germain\/FRA), Miranda (Atl\u00e9tico de Madrid\/ESP) y Gil (Corinthians).<br \/>\nCentrocampistas: Luiz Gustavo (Wolfsburg\/ALE), El\u00edas (Corinthians), Fernandinho (Manchester City\/ING), Ramires, Oscar (Chelsea\/ING), Everton Ribeiro (Cruzeiro).<br \/>\nDelanteros: Hulk (Zenit\/RUS), Ricardo Goulart (Cruzeiro), Willian (Chelsea\/ING), Neymar (Barcelona\/ESP), Philippe Coutinho (Liverpool\/ING) y Diego Tardelli (Atl\u00e9tico Mineiro).<\/p>\n<p>La n\u00f3mina de Bolivia es:<br \/>\nPorteros: Romel Qui\u00f1onez (Bol\u00edvar), Daniel Vaca (The Strongest).<br \/>\nDefensas: Ronald Eguino (Bol\u00edvar), Ronald Raldes (Oriente Petrolero), Luis Alberto Guti\u00e9rrez (Bol\u00edvar), Ra\u00fal Castro (The Strongest), Alan Loras (Universitario).<br \/>\nCentrocampistas: Leandro Maygua, (Bol\u00edvar), Pedro Azogue (Oriente Petrolero), Marvin Bejarano (Oriente Petrolero), Jos\u00e9 Luis Ch\u00e1vez (Bol\u00edvar), Danny Bejarano (Oriente Petrolero), Alejandro Melean (Oriente Petrolero), Daniel Ch\u00e1vez (The Strongest), Alejandro Chumacero (The Strongest), Mario Ovando (San Jos\u00e9).<br \/>\nDelanteros: Carlos Saucedo (Saprissa, CR) Juan Carlos Arce (Bol\u00edvar), Ramiro Ballivian ((Universitario), William Ramallo (The Strongest).<br \/>\nDT: (Interino) Xabier Azkargorta<\/p>\n","protected":false},"excerpt":{"rendered":"<p>La selecci\u00f3n Mundialista, Brasil, ahora dirigida por Dunga revel\u00f3 la lista de convocados para sus partidos amistoso, uno de ellos<\/p>\n","protected":false},"author":1,"featured_media":0,"comment_status":"open","ping_status":"open","sticky":false,"template":"","format":"standard","meta":{"footnotes":""},"categories":[10],"tags":[],"_links":{"self":[{"href":"https:\/\/www.ecuadoraldia.com.ec\/index.php?rest_route=\/wp\/v2\/posts\/4470"}],"collection":[{"href":"https:\/\/www.ecuadoraldia.com.ec\/index.php?rest_route=\/wp\/v2\/posts"}],"about":[{"href":"https:\/\/www.ecuadoraldia.com.ec\/index.php?rest_route=\/wp\/v2\/types\/post"}],"author":[{"embeddable":true,"href":"https:\/\/www.ecuadoraldia.com.ec\/index.php?rest_route=\/wp\/v2\/users\/1"}],"replies":[{"embeddable":true,"href":"https:\/\/www.ecuadoraldia.com.ec\/index.php?rest_route=%2Fwp%2Fv2%2Fcomments&post=4470"}],"version-history":[{"count":1,"href":"https:\/\/www.ecuadoraldia.com.ec\/index.php?rest_route=\/wp\/v2\/posts\/4470\/revisions"}],"predecessor-version":[{"id":4472,"href":"https:\/\/www.ecuadoraldia.com.ec\/index.php?rest_route=\/wp\/v2\/posts\/4470\/revisions\/4472"}],"wp:attachment":[{"href":"https:\/\/www.ecuadoraldia.com.ec\/index.php?rest_route=%2Fwp%2Fv2%2Fmedia&parent=4470"}],"wp:term":[{"taxonomy":"category","embeddable":true,"href":"https:\/\/www.ecuadoraldia.com.ec\/index.php?rest_route=%2Fwp%2Fv2%2Fcategories&post=4470"},{"taxonomy":"post_tag","embeddable":true,"href":"https:\/\/www.ecuadoraldia.com.ec\/index.php?rest_route=%2Fwp%2Fv2%2Ftags&post=4470"}],"curies":[{"name":"wp","href":"https:\/\/api.w.org\/{rel}","templated":true}]}}