{"id":4473,"date":"2014-08-20T00:09:23","date_gmt":"2014-08-20T00:09:23","guid":{"rendered":"http:\/\/www.ecuadoraldia.com.ec\/?p=4473"},"modified":"2014-08-20T00:11:08","modified_gmt":"2014-08-20T00:11:08","slug":"4473","status":"publish","type":"post","link":"https:\/\/www.ecuadoraldia.com.ec\/?p=4473","title":{"rendered":"Maestros iniciaron capacitaci\u00f3n"},"content":{"rendered":"<p><a href=\"http:\/\/www.ecuadoraldia.com.ec\/wp-content\/uploads\/2014\/08\/capacitacion_docente.jpg\"><img loading=\"lazy\" decoding=\"async\" class=\"alignleft size-full wp-image-4474\" src=\"http:\/\/www.ecuadoraldia.com.ec\/wp-content\/uploads\/2014\/08\/capacitacion_docente.jpg\" alt=\"capacitacion_docente\" width=\"250\" height=\"205\" \/><\/a>Alrededor de 10 mil docentes forman parte del programa continuo de capacitaci\u00f3n impulsado por el Ministerio de Educaci\u00f3n Soy maestro y nunca dejo de aprender que inici\u00f3 clases el \u00faltimo lunes en Quito. El curso permitir\u00e1 que los docentes tengan mayor preparaci\u00f3n en las cuatro asignaturas b\u00e1sicas como son: Lenguaje, Ciencias Naturales, Estudios Sociales y Matem\u00e1ticas.<\/p>\n<p>\u00abHemos visto la necesidad de ofertar estos cursos en los que se imparten 330 horas de capacitaci\u00f3n en una \u00e1rea determinada del conocimiento dado los resultados que se obtuvieron en las pruebas como Ser Bachiller o Ser Estudiante\u00bb, indic\u00f3 Augusto Espinosa, ministro de Educaci\u00f3n, quien a\u00f1adi\u00f3 que esta cartera de estado invierte alrededor de 5 millones de d\u00f3lares en este programa que espera ampliarse a 25 mil maestros el pr\u00f3ximo a\u00f1o.<\/p>\n<p>El programa comprende cinco meses de estudio con clases presenciales que ser\u00e1n 200 horas y el resto (130) a modo de tutor\u00eda virtual. Para ello los docentes tendr\u00e1n la facilidad de utilizar dos horas de su jornada laboral para cumplir con los estudios.<\/p>\n<p>De los 10 mil maestros que integran este programa, el 55% fue escogido por el Ministerio de Educaci\u00f3n de acuerdo a los resultados que se obtuvieron en los distritos educativos en las pruebas Ser Bachiller; y el 45% restante accedi\u00f3 de forma voluntaria. Para la pr\u00f3xima convocatoria el porcentaje de participaci\u00f3n obligatoria ser\u00e1 del 80% y solo un 20% ser\u00e1 opcional. \u00abLo que se desea es equiparar la educaci\u00f3n en los distintos distritos para que no haya inequidad como revelaron los resultados de las pruebas\u00bb, indic\u00f3 Freddy Pe\u00f1afiel, viceministro de Educaci\u00f3n.<\/p>\n<p>Seg\u00fan las autoridades educativas, la exigencia de la capacitaci\u00f3n ser\u00e1 del nivel de posgrado y la aprobaci\u00f3n del mismo se contemplar\u00e1 como parte de la evaluaci\u00f3n anual que hace el Ineval a los docentes del sistema de educaci\u00f3n p\u00fablico.<\/p>\n","protected":false},"excerpt":{"rendered":"<p>Alrededor de 10 mil docentes forman parte del programa continuo de capacitaci\u00f3n impulsado por el Ministerio de Educaci\u00f3n Soy maestro<\/p>\n","protected":false},"author":1,"featured_media":0,"comment_status":"open","ping_status":"open","sticky":false,"template":"","format":"standard","meta":{"footnotes":""},"categories":[4],"tags":[],"_links":{"self":[{"href":"https:\/\/www.ecuadoraldia.com.ec\/index.php?rest_route=\/wp\/v2\/posts\/4473"}],"collection":[{"href":"https:\/\/www.ecuadoraldia.com.ec\/index.php?rest_route=\/wp\/v2\/posts"}],"about":[{"href":"https:\/\/www.ecuadoraldia.com.ec\/index.php?rest_route=\/wp\/v2\/types\/post"}],"author":[{"embeddable":true,"href":"https:\/\/www.ecuadoraldia.com.ec\/index.php?rest_route=\/wp\/v2\/users\/1"}],"replies":[{"embeddable":true,"href":"https:\/\/www.ecuadoraldia.com.ec\/index.php?rest_route=%2Fwp%2Fv2%2Fcomments&post=4473"}],"version-history":[{"count":2,"href":"https:\/\/www.ecuadoraldia.com.ec\/index.php?rest_route=\/wp\/v2\/posts\/4473\/revisions"}],"predecessor-version":[{"id":4477,"href":"https:\/\/www.ecuadoraldia.com.ec\/index.php?rest_route=\/wp\/v2\/posts\/4473\/revisions\/4477"}],"wp:attachment":[{"href":"https:\/\/www.ecuadoraldia.com.ec\/index.php?rest_route=%2Fwp%2Fv2%2Fmedia&parent=4473"}],"wp:term":[{"taxonomy":"category","embeddable":true,"href":"https:\/\/www.ecuadoraldia.com.ec\/index.php?rest_route=%2Fwp%2Fv2%2Fcategories&post=4473"},{"taxonomy":"post_tag","embeddable":true,"href":"https:\/\/www.ecuadoraldia.com.ec\/index.php?rest_route=%2Fwp%2Fv2%2Ftags&post=4473"}],"curies":[{"name":"wp","href":"https:\/\/api.w.org\/{rel}","templated":true}]}}