{"id":4478,"date":"2014-08-20T00:12:54","date_gmt":"2014-08-20T00:12:54","guid":{"rendered":"http:\/\/www.ecuadoraldia.com.ec\/?p=4478"},"modified":"2014-08-20T00:13:49","modified_gmt":"2014-08-20T00:13:49","slug":"ruta-oyacoto-guayllabamba-continua-cerrada","status":"publish","type":"post","link":"https:\/\/www.ecuadoraldia.com.ec\/?p=4478","title":{"rendered":"Ruta Oyacoto-Guayllabamba contin\u00faa cerrada"},"content":{"rendered":"<p><a href=\"http:\/\/www.ecuadoraldia.com.ec\/wp-content\/uploads\/2014\/08\/via.jpg\"><img loading=\"lazy\" decoding=\"async\" class=\"alignleft size-medium wp-image-4479\" src=\"http:\/\/www.ecuadoraldia.com.ec\/wp-content\/uploads\/2014\/08\/via-300x194.jpg\" alt=\"via\" width=\"300\" height=\"194\" srcset=\"https:\/\/www.ecuadoraldia.com.ec\/wp-content\/uploads\/2014\/08\/via-300x194.jpg 300w, https:\/\/www.ecuadoraldia.com.ec\/wp-content\/uploads\/2014\/08\/via.jpg 450w\" sizes=\"(max-width: 300px) 100vw, 300px\" \/><\/a>El tramo de la Ruta Oyacoto &#8211; Guayllabamba, en la Panamericana Norte, sigue cerrado. El Ministerio de Transporte y Obras P\u00fablicas (MTOP) anunci\u00f3 que esta medida se mantiene de manera indefinida, ya que se realizan evaluaciones a la zona, para as\u00ed precautelar la vida de quienes transitan por esta v\u00eda.<\/p>\n<p>El tramo, desde el intercambiador de Oyacoto, permanece cerrado desde el s\u00e1bado en horas de la tarde y durante todo ese tiempo, personal de la empresa Herdo\u00edza Crespo, as\u00ed como del MTOP se mantiene en el lugar para retirar los escombros que cayeron de los taludes de la carretera, tras las r\u00e9plicas del sismo que se produjeron el fin de semana.<\/p>\n<p>Los usuarios de la ruta Guayllabamba-Calder\u00f3n pueden ingresar o salir de Quito por la carretera Tababela \u2013 El Quinche y llegar hasta Cayambe en la Y del Cajas.<\/p>\n<p>Otra alternativa puede ser esta misma ruta, pero desde El Quinche se pueden desv\u00edar a Guayllabamba y tomar la v\u00eda que va a Tabacundo.<\/p>\n<p>Adem\u00e1s, la ruta Collas se encuentra habilitada, aunque desde las 21:30 hasta las 04:30 se impedir\u00e1 el flujo vehicular para realizar labores de mantenimiento en la misma.<\/p>\n<p>La medida de cierre fue recomendada por parte del Ministerio de Transporte al Comit\u00e9 de Operaciones de Emergencia (COE) provincial, debido a la inestabilidad del terreno y con la finalidad de precautelar la seguridad de los usuarios de la v\u00eda.<\/p>\n","protected":false},"excerpt":{"rendered":"<p>El tramo de la Ruta Oyacoto &#8211; Guayllabamba, en la Panamericana Norte, sigue cerrado. El Ministerio de Transporte y Obras<\/p>\n","protected":false},"author":1,"featured_media":0,"comment_status":"open","ping_status":"open","sticky":false,"template":"","format":"standard","meta":{"footnotes":""},"categories":[14,1],"tags":[],"_links":{"self":[{"href":"https:\/\/www.ecuadoraldia.com.ec\/index.php?rest_route=\/wp\/v2\/posts\/4478"}],"collection":[{"href":"https:\/\/www.ecuadoraldia.com.ec\/index.php?rest_route=\/wp\/v2\/posts"}],"about":[{"href":"https:\/\/www.ecuadoraldia.com.ec\/index.php?rest_route=\/wp\/v2\/types\/post"}],"author":[{"embeddable":true,"href":"https:\/\/www.ecuadoraldia.com.ec\/index.php?rest_route=\/wp\/v2\/users\/1"}],"replies":[{"embeddable":true,"href":"https:\/\/www.ecuadoraldia.com.ec\/index.php?rest_route=%2Fwp%2Fv2%2Fcomments&post=4478"}],"version-history":[{"count":1,"href":"https:\/\/www.ecuadoraldia.com.ec\/index.php?rest_route=\/wp\/v2\/posts\/4478\/revisions"}],"predecessor-version":[{"id":4480,"href":"https:\/\/www.ecuadoraldia.com.ec\/index.php?rest_route=\/wp\/v2\/posts\/4478\/revisions\/4480"}],"wp:attachment":[{"href":"https:\/\/www.ecuadoraldia.com.ec\/index.php?rest_route=%2Fwp%2Fv2%2Fmedia&parent=4478"}],"wp:term":[{"taxonomy":"category","embeddable":true,"href":"https:\/\/www.ecuadoraldia.com.ec\/index.php?rest_route=%2Fwp%2Fv2%2Fcategories&post=4478"},{"taxonomy":"post_tag","embeddable":true,"href":"https:\/\/www.ecuadoraldia.com.ec\/index.php?rest_route=%2Fwp%2Fv2%2Ftags&post=4478"}],"curies":[{"name":"wp","href":"https:\/\/api.w.org\/{rel}","templated":true}]}}