{"id":4481,"date":"2014-08-20T00:19:59","date_gmt":"2014-08-20T00:19:59","guid":{"rendered":"http:\/\/www.ecuadoraldia.com.ec\/?p=4481"},"modified":"2014-08-20T00:19:59","modified_gmt":"2014-08-20T00:19:59","slug":"rafael-correa-el-desarrollo-es-basicamente-un-problema-politico","status":"publish","type":"post","link":"https:\/\/www.ecuadoraldia.com.ec\/?p=4481","title":{"rendered":"Rafael Correa: \u00abEl desarrollo es b\u00e1sicamente un problema pol\u00edtico\u00bb"},"content":{"rendered":"<p><a href=\"http:\/\/www.ecuadoraldia.com.ec\/wp-content\/uploads\/2014\/08\/gt.jpg\"><img loading=\"lazy\" decoding=\"async\" class=\"alignleft size-medium wp-image-4482\" src=\"http:\/\/www.ecuadoraldia.com.ec\/wp-content\/uploads\/2014\/08\/gt-273x300.jpg\" alt=\"gt\" width=\"273\" height=\"300\" srcset=\"https:\/\/www.ecuadoraldia.com.ec\/wp-content\/uploads\/2014\/08\/gt-273x300.jpg 273w, https:\/\/www.ecuadoraldia.com.ec\/wp-content\/uploads\/2014\/08\/gt.jpg 333w\" sizes=\"(max-width: 273px) 100vw, 273px\" \/><\/a>El mandatario ecuatoriano dio una charla en el marco del V Foro Regional Esquipulas, que se llev\u00f3 a cabo en un hotel de la capital guatemalteca. Foto: Cortes\u00eda Presidencia<\/p>\n<p>\u00abHa logrado un crecimiento importante de la econom\u00eda, ha hecho a Ecuador m\u00e1s competitivo y ha logrado duplicar la inversi\u00f3n en los programas sociales\u00bb, destac\u00f3 el presidente de Guatemala, Otto P\u00e9rez Molina, al felicitar hoy al presidente ecuatoriano Rafael Correa por los avances logrados en su pa\u00eds.<\/p>\n<p>Estas declaraciones se dieron al inaugurar el V Foro Regional Esquipulas, en el que Correa particip\u00f3 con su charla El ser humano por encima de las utilidades: Una visi\u00f3n econ\u00f3mica diferente para el desarrollo.<\/p>\n<p>Por su parte, el expresidente de Guatemala Vinicio Cerezo (1986-1991), creador de la Fundaci\u00f3n Esquipulas, manifest\u00f3 que Centroam\u00e9rica debe aprovechar el conocimiento de presidentes como Correa que \u00abse ha convertido en un ejemplo de c\u00f3mo se pueden resolver los problemas e impulsar el desarrollo\u00bb.<\/p>\n<p>Ante estos halagos, Correa expres\u00f3 \u00abque se trata de transmitir las experiencias de un pa\u00eds hermano para enriquecernos mutuamente. No nos creemos ejemplo de nada, no creemos que tenemos las respuestas para todos los problemas, s\u00ed muchas ganas de servir a nuestros pueblos\u00bb.<\/p>\n<p>En su discurso, el mandatario ecuatoriano subray\u00f3 que la superaci\u00f3n de la pobreza es el mayor imperativo moral que tiene el planeta, pues es consecuencia de sistemas injustos y excluyentes, \u00abque han acompa\u00f1ado a nuestros pa\u00edses durante siglos\u00bb y que se resolver\u00e1n reformando las estructuras injustas por medio de procesos pol\u00edticos.<\/p>\n<p>Rafael Correa manifest\u00f3 que el desarrollo es b\u00e1sicamente un problema pol\u00edtico y plante\u00f3 que la pregunta clave que hay que hacerse es \u00bfqui\u00e9n manda en una sociedad? Si las \u00e9lites o las grandes mayor\u00edas; el capital o los seres humanos; el mercado o la sociedad.<\/p>\n<p>A\u00f1adi\u00f3 que Am\u00e9rica Latina ha estado hist\u00f3ricamente dominada por \u00e9lites que excluyeron de los beneficios del progreso a las grandes mayor\u00edas. Puso como ejemplo de aquello la crisis ecuatoriana en 1999, \u00abque a\u00fan estamos pagando\u00bb.<\/p>\n<p>Explic\u00f3 que Ecuador, cambiando esas relaciones de poder al servicio de las grandes mayor\u00edas y a trav\u00e9s de procesos profundamente democr\u00e1ticos, es el pa\u00eds de Latinoam\u00e9rica que m\u00e1s reduce desigualdad. Destac\u00f3 que el pa\u00eds en los \u00faltimos 7 a\u00f1os creci\u00f3 mucho m\u00e1s que el promedio de la regi\u00f3n (3,4%) logrando un crecimiento promedio del 4,3%.<\/p>\n<p>A\u00f1adi\u00f3 que como consecuencia del crecimiento econ\u00f3mico y la disminuci\u00f3n de la desigualdad, Ecuador tambi\u00e9n es uno de los tres pa\u00edses latinoamericanos que m\u00e1s reduce pobreza, pues en el periodo 2006-2013 esta cay\u00f3 del 37,6% al 25,6%, mientras la extrema pobreza, por primera vez en la historia, se ubica en menos de dos d\u00edgitos, al haber pasado de 16,9% a 8,6%.<\/p>\n<p>Dijo que Ecuador tambi\u00e9n es una de las econom\u00edas latinoamericanas con una de las m\u00e1s bajas tasas de desempleo, 4,15% para finales de 2013. Explic\u00f3 que lo importante es que eso se logr\u00f3 \u00abdestrozando la econom\u00eda ortodoxa\u00bb, pues en lugar de reducir salarios y sacrificar derechos laborales, estos se incrementaron. Agreg\u00f3 que se elimin\u00f3 la tercerizaci\u00f3n.<\/p>\n<p>Ante un auditorio completamente lleno, en un hotel de la capital guatemalteca, el Jefe de Estado ecuatoriano subray\u00f3 que una de las principales fuentes de la desigualdad en Am\u00e9rica Latina ha sido la distribuci\u00f3n primaria del ingreso entre trabajo y capital. Explic\u00f3 que en Ecuador se resolvi\u00f3 este dilema \u00abcon medidas creativas e in\u00e9ditas\u00bb, al introducirse el salario digno, definido como aquel que permite a una familia salir de la pobreza con su ingreso familiar.<\/p>\n<p>Adem\u00e1s, dijo que con la nueva legislaci\u00f3n ninguna empresa puede declarar utilidades si no paga el salario digno hasta el \u00faltimo de sus trabajadores. Los efectos de esta medida \u00abhan sido asombrosos y superaron las expectativas\u00bb, apunt\u00f3 Correa, al se\u00f1alar que desde su implementaci\u00f3n en el a\u00f1o 2011 empezaron a subir los salarios promedios y este a\u00f1o el salario m\u00ednimo igual\u00f3 al salario digno.<\/p>\n<p>Otras de las fuentes de desigualdad, indic\u00f3 el mandatario ecuatoriano, es el grave problema de la plusval\u00eda de la tierra, cuya propiedad originaria ya se puede discutir. Dijo que se trata de una ganancia ileg\u00edtima pues muchas veces no es fruto de la acci\u00f3n del due\u00f1o de ese bien y significa una p\u00e9sima distribuci\u00f3n de la riqueza social.<\/p>\n<p>Uno de los aspectos que m\u00e1s aplaudi\u00f3 el auditorio fue cuando se refiri\u00f3 a la necesidad de superar la miseria y cuando ironiz\u00f3 acerca de las 14 universidades ecuatorianas cerradas por falta de calidad acad\u00e9mica, calific\u00e1ndolas como entidades de \u00ablucro sin fin\u00bb.<\/p>\n<p>Tambi\u00e9n critic\u00f3 y conden\u00f3 en\u00e9rgicamente el bloqueo a Cuba y el papel de la Organizaci\u00f3n de Estados Americanos. \u00abYa debemos generar nuestros espacios\u00bb, se\u00f1al\u00f3, enfatizando en la necesidad de la integraci\u00f3n como una necesidad de supervivencia.<\/p>\n<p>Tambi\u00e9n cuestion\u00f3 el rol que cumple la Comisi\u00f3n Interamericana de Derechos Humanos CIDH y el poder medi\u00e1tico en la regi\u00f3n.<\/p>\n<p>Una de las reflexiones m\u00e1s importantes que esboz\u00f3 fue que el socialismo es la mejor opci\u00f3n para Am\u00e9rica Latina, dadas las condiciones de desigualdad que han imperado.<\/p>\n<p>Concluy\u00f3 que \u00aben Ecuador ya no mandan las \u00e9lites, si no las grandes mayor\u00edas\u00bb<\/p>\n","protected":false},"excerpt":{"rendered":"<p>El mandatario ecuatoriano dio una charla en el marco del V Foro Regional Esquipulas, que se llev\u00f3 a cabo en<\/p>\n","protected":false},"author":1,"featured_media":0,"comment_status":"open","ping_status":"open","sticky":false,"template":"","format":"standard","meta":{"footnotes":""},"categories":[1],"tags":[],"_links":{"self":[{"href":"https:\/\/www.ecuadoraldia.com.ec\/index.php?rest_route=\/wp\/v2\/posts\/4481"}],"collection":[{"href":"https:\/\/www.ecuadoraldia.com.ec\/index.php?rest_route=\/wp\/v2\/posts"}],"about":[{"href":"https:\/\/www.ecuadoraldia.com.ec\/index.php?rest_route=\/wp\/v2\/types\/post"}],"author":[{"embeddable":true,"href":"https:\/\/www.ecuadoraldia.com.ec\/index.php?rest_route=\/wp\/v2\/users\/1"}],"replies":[{"embeddable":true,"href":"https:\/\/www.ecuadoraldia.com.ec\/index.php?rest_route=%2Fwp%2Fv2%2Fcomments&post=4481"}],"version-history":[{"count":1,"href":"https:\/\/www.ecuadoraldia.com.ec\/index.php?rest_route=\/wp\/v2\/posts\/4481\/revisions"}],"predecessor-version":[{"id":4483,"href":"https:\/\/www.ecuadoraldia.com.ec\/index.php?rest_route=\/wp\/v2\/posts\/4481\/revisions\/4483"}],"wp:attachment":[{"href":"https:\/\/www.ecuadoraldia.com.ec\/index.php?rest_route=%2Fwp%2Fv2%2Fmedia&parent=4481"}],"wp:term":[{"taxonomy":"category","embeddable":true,"href":"https:\/\/www.ecuadoraldia.com.ec\/index.php?rest_route=%2Fwp%2Fv2%2Fcategories&post=4481"},{"taxonomy":"post_tag","embeddable":true,"href":"https:\/\/www.ecuadoraldia.com.ec\/index.php?rest_route=%2Fwp%2Fv2%2Ftags&post=4481"}],"curies":[{"name":"wp","href":"https:\/\/api.w.org\/{rel}","templated":true}]}}