{"id":4484,"date":"2014-08-20T00:22:03","date_gmt":"2014-08-20T00:22:03","guid":{"rendered":"http:\/\/www.ecuadoraldia.com.ec\/?p=4484"},"modified":"2014-08-20T00:29:10","modified_gmt":"2014-08-20T00:29:10","slug":"transportistas-van-por-el-incremento-de-pasajes","status":"publish","type":"post","link":"https:\/\/www.ecuadoraldia.com.ec\/?p=4484","title":{"rendered":"Transportistas van por el  alza de pasajes"},"content":{"rendered":"<p><a href=\"http:\/\/www.ecuadoraldia.com.ec\/wp-content\/uploads\/2014\/08\/buses2.jpg\"><img loading=\"lazy\" decoding=\"async\" class=\"alignleft size-full wp-image-4485\" src=\"http:\/\/www.ecuadoraldia.com.ec\/wp-content\/uploads\/2014\/08\/buses2.jpg\" alt=\"buses2\" width=\"231\" height=\"171\" \/><\/a>Representantes de los transportistas de Quito entregar\u00e1n este mi\u00e9rcoles en la tarde un oficio al alcalde de Quito, Mauricio Rodas, para solicitar una reuni\u00f3n de trabajo y as\u00ed aspiran a una revisi\u00f3n del incremento de tarifas en los pasajes en la capital, inform\u00f3 esta tarde Jorge Y\u00e1nez, dirigente de Transportistas.<\/p>\n<p>A esta resoluci\u00f3n se lleg\u00f3 luego de una reuni\u00f3n, que se realiz\u00f3 esta ma\u00f1ana, en las instalaciones de la C\u00e1mara de Transportistas, en el sector de la Villaflora (sur de la capital).<\/p>\n<p>En la cita, Jos\u00e9 Santamar\u00eda, presidente del gremio, present\u00f3 un informe con el cual se analizaron los gastos operativos de las compa\u00f1\u00edas, para con base a ello determinar los posibles montos de incremento de la tarifa, que propondr\u00e1n al Municipio de Quito.<\/p>\n<p>En el documentos, que elaboraron los transportistas con base a las experiencias de ellos, se detall\u00f3 a cu\u00e1nto ascienden los costos operativos (combustibles, repuestos, accesorios y mantenimiento general del veh\u00edculo), pero tambi\u00e9n se incluy\u00f3 el tema del personal administrativo y de los operarios de los veh\u00edculos.<\/p>\n<p>En la actualidad, los pasajes cuestan $0,25. Seg\u00fan Y\u00e1nez, la propuesta plantea un incremento de 0,17 centavos, es decir, proponen el pago de $ 0,42.<\/p>\n<p>Record\u00f3 que en diciembre de 2011 se present\u00f3 un planteamiento de subir el valor a $ 0,38. No obstante, se observ\u00f3 que hubo varios aspectos que influyeron en el incremento.<\/p>\n<p>\u00abHasta la actualidad han habido varias incidencias como la subida de los precios en los repuestos, incremento de sueldos en 2 a\u00f1os, por eso proponemos este costo\u00bb, dijo.<\/p>\n<p>Para el jueves 21, en cambio, est\u00e1 prevista una reuni\u00f3n con Paola Carvajal, ministra de Transporte, en donde se contempla la presencia de los miembros de la Comisi\u00f3n, conformada por Jos\u00e9 Santamar\u00eda, Jorge Y\u00e1nez, H\u00e9ctor Guevara, Nelson Brito y \u00c9gar Cueva, quienes representan a distintos corredores.<\/p>\n<p>En Quito hay 3.100 unidades de transporte, las que se encuentran registradas en 52 operadoras de transporte urbano, que cubren 111 rutas, mientras que en las l\u00edneas de transporte inter-parroquial hay 16 operadoras.<\/p>\n<p>Zoila Montoya est\u00e1 en contra del incremento. Cuenta que a diario toma 2 buses para acudir a su trabajo por Solca. Gasta $ 1 diario y, a su criterio, un incremento traer\u00eda problema. \u00abSi suben el pasaje que garanticen un buen trato, el servicio es p\u00e9simo y las controladoras son groseras\u00bb, dijo la usuaria de transporte p\u00fablico.<\/p>\n<p>Mar\u00eda In\u00e9s Moncada comparti\u00f3 el criterio. Ella viaja dos veces a la semana en bus junto a su abuelito de 75 a\u00f1os. Gasta $4 a la semana porque toma dos buses. \u00abMi abuelito solo recibe 300 d\u00f3lares y casi toda su jubilaci\u00f3n solo se va en pasajes\u00bb, coment\u00f3.<\/p>\n","protected":false},"excerpt":{"rendered":"<p>Representantes de los transportistas de Quito entregar\u00e1n este mi\u00e9rcoles en la tarde un oficio al alcalde de Quito, Mauricio Rodas,<\/p>\n","protected":false},"author":1,"featured_media":0,"comment_status":"open","ping_status":"open","sticky":false,"template":"","format":"standard","meta":{"footnotes":""},"categories":[1],"tags":[],"_links":{"self":[{"href":"https:\/\/www.ecuadoraldia.com.ec\/index.php?rest_route=\/wp\/v2\/posts\/4484"}],"collection":[{"href":"https:\/\/www.ecuadoraldia.com.ec\/index.php?rest_route=\/wp\/v2\/posts"}],"about":[{"href":"https:\/\/www.ecuadoraldia.com.ec\/index.php?rest_route=\/wp\/v2\/types\/post"}],"author":[{"embeddable":true,"href":"https:\/\/www.ecuadoraldia.com.ec\/index.php?rest_route=\/wp\/v2\/users\/1"}],"replies":[{"embeddable":true,"href":"https:\/\/www.ecuadoraldia.com.ec\/index.php?rest_route=%2Fwp%2Fv2%2Fcomments&post=4484"}],"version-history":[{"count":2,"href":"https:\/\/www.ecuadoraldia.com.ec\/index.php?rest_route=\/wp\/v2\/posts\/4484\/revisions"}],"predecessor-version":[{"id":4498,"href":"https:\/\/www.ecuadoraldia.com.ec\/index.php?rest_route=\/wp\/v2\/posts\/4484\/revisions\/4498"}],"wp:attachment":[{"href":"https:\/\/www.ecuadoraldia.com.ec\/index.php?rest_route=%2Fwp%2Fv2%2Fmedia&parent=4484"}],"wp:term":[{"taxonomy":"category","embeddable":true,"href":"https:\/\/www.ecuadoraldia.com.ec\/index.php?rest_route=%2Fwp%2Fv2%2Fcategories&post=4484"},{"taxonomy":"post_tag","embeddable":true,"href":"https:\/\/www.ecuadoraldia.com.ec\/index.php?rest_route=%2Fwp%2Fv2%2Ftags&post=4484"}],"curies":[{"name":"wp","href":"https:\/\/api.w.org\/{rel}","templated":true}]}}