{"id":4490,"date":"2014-08-20T00:24:59","date_gmt":"2014-08-20T00:24:59","guid":{"rendered":"http:\/\/www.ecuadoraldia.com.ec\/?p=4490"},"modified":"2014-08-20T00:26:15","modified_gmt":"2014-08-20T00:26:15","slug":"pobreza-es-la-peor-forma-de-violencia-dice-correa-en-guatemala","status":"publish","type":"post","link":"https:\/\/www.ecuadoraldia.com.ec\/?p=4490","title":{"rendered":"Pobreza es la peor forma de violencia, dice Correa en Guatemala"},"content":{"rendered":"<p><a href=\"http:\/\/www.ecuadoraldia.com.ec\/wp-content\/uploads\/2014\/08\/rafael_correa-ecuador_2.jpg\"><img loading=\"lazy\" decoding=\"async\" class=\"alignleft size-medium wp-image-4493\" src=\"http:\/\/www.ecuadoraldia.com.ec\/wp-content\/uploads\/2014\/08\/rafael_correa-ecuador_2-300x204.jpg\" alt=\"rafael_correa-ecuador_\" width=\"300\" height=\"204\" srcset=\"https:\/\/www.ecuadoraldia.com.ec\/wp-content\/uploads\/2014\/08\/rafael_correa-ecuador_2-300x204.jpg 300w, https:\/\/www.ecuadoraldia.com.ec\/wp-content\/uploads\/2014\/08\/rafael_correa-ecuador_2.jpg 473w\" sizes=\"(max-width: 300px) 100vw, 300px\" \/><\/a>Guatemala, EFE. El presidente de Ecuador, Rafael Correa, advirti\u00f3 hoy que la \u00abpobreza es la peor forma de violencia\u00bb y que \u00abel desarrollo es el nuevo nombre de la paz\u00bb, durante su participaci\u00f3n en un foro regional en Guatemala.<\/p>\n<p>El mandatario suramericano se dirigi\u00f3 con estas palabras a alrededor de 2.000 personas que abarrotaron un hotel de la capital guatemalteca, para la inauguraci\u00f3n del V Foro Regional Esquipulas, un evento de un d\u00eda de duraci\u00f3n que reuni\u00f3 a m\u00e1s de diez expresidentes de Latinoam\u00e9rica.<\/p>\n<p>Correa explic\u00f3, en casi dos horas de discurso, que la pobreza en Latinoam\u00e9rica \u00abse debe a los sistemas econ\u00f3micos injustos\u00bb y que \u00abla superaci\u00f3n\u00bb de esta problem\u00e1tica \u00abdebe ser el imperativo a nivel mundial\u00bb.<\/p>\n<p>\u00abAm\u00e9rica Latina ha estado dominada por \u00e9lites que excluyeron del progreso a las grandes mayor\u00edas\u00bb, precis\u00f3 el presidente ecuatoriano frente a un p\u00fablico que inclu\u00eda a los m\u00e1ximos representantes de la pol\u00edtica guatemalteca, adem\u00e1s de funcionarios, empresarios y diplom\u00e1ticos.<\/p>\n<p>Su intervenci\u00f3n, denominada \u00abEl ser humano por encima de las utilidades: una visi\u00f3n econ\u00f3mica diferente para el desarrollo\u00bb, fue la conferencia magistral del evento de la Fundaci\u00f3n Esquipulas para la Integraci\u00f3n Centroamericana, organizado por el expresidente de Guatemala Marco Vinicio Cerezo Ar\u00e9valo (1986-1991).<\/p>\n<p>Correa explic\u00f3 que 1,1 millones de ecuatorianos dejaron de ser pobres entre 2006 y 2013 y que \u00abel mayor indicador de un pa\u00eds no es la tasa de crecimiento\u00bb si no \u00abla disminuci\u00f3n de la pobreza y pobreza extrema\u00bb.<\/p>\n<p>El presidente ecuatoriano, que defini\u00f3 a su pa\u00eds como \u00abuna de las econom\u00edas m\u00e1s din\u00e1micas de Am\u00e9rica Latina\u00bb, argument\u00f3 que el \u00ab\u00e9xito\u00bb de su naci\u00f3n en este sentido \u00abse debe a nuestra institucionalidad\u00bb.<\/p>\n<p>\u00abNinguna empresa en Ecuador puede declarar sin que haya pagado hasta el \u00faltimo salario digno de todo sus trabajadores\u00bb, dijo.<\/p>\n<p>\u00abY el salario digno es definido como aquel que permite salir de la pobreza, no el salario m\u00ednimo. En Ecuador el salario m\u00ednimo ya igual\u00f3 al digno\u00bb agreg\u00f3 Correa.<\/p>\n<p><a href=\"http:\/\/www.ecuadoraldia.com.ec\/wp-content\/uploads\/2014\/08\/rafael_correa-ecuador_1.jpg\"><img loading=\"lazy\" decoding=\"async\" class=\"alignleft size-medium wp-image-4491\" src=\"http:\/\/www.ecuadoraldia.com.ec\/wp-content\/uploads\/2014\/08\/rafael_correa-ecuador_1-300x204.jpg\" alt=\"rafael_correa-ecuador_\" width=\"300\" height=\"204\" srcset=\"https:\/\/www.ecuadoraldia.com.ec\/wp-content\/uploads\/2014\/08\/rafael_correa-ecuador_1-300x204.jpg 300w, https:\/\/www.ecuadoraldia.com.ec\/wp-content\/uploads\/2014\/08\/rafael_correa-ecuador_1.jpg 473w\" sizes=\"(max-width: 300px) 100vw, 300px\" \/><\/a>El presidente, nacido en el principal puerto de Ecuador, Guayaquil, explic\u00f3 que el \u00abser humano no es solo un factor de producci\u00f3n si no el objetivo mismo de la producci\u00f3n\u00bb.<\/p>\n<p>\u00abEs necesario cambiar las relaciones de poder en favor de las grandes mayor\u00edas\u00bb, advirti\u00f3, pues \u00abel ser humano debe tener supremac\u00eda sobre el capital\u00bb.<\/p>\n<p>Concluy\u00f3 que \u00aben Ecuador ya no mandan las \u00e9lites, si no las grandes mayor\u00edas\u00bb.<\/p>\n<p>El V Foro Regional Esquipulas, que se organiza desde 2010, cont\u00f3 con la participaci\u00f3n de los expresidentes Cerezo, \u00c1lvaro Arz\u00fa y \u00c1lvaro Colom por Guatemala, El\u00edas Antonio Saca por El Salvador y Carlos Mesa de Bolivia.<\/p>\n<p>Tambi\u00e9n se hicieron presentes los exmandatarios Ernesto Samper de Colombia, Juan Carlos Wasmosy de Paraguay, Leonel Fern\u00e1ndez de Rep\u00fablica Dominicana, Luis Alberto Lacalle de Uruguay, Porfirio Lobo de Honduras y Mart\u00edn Torrijos y Nicol\u00e1s Ardito de Panam\u00e1.<\/p>\n","protected":false},"excerpt":{"rendered":"<p>Guatemala, EFE. El presidente de Ecuador, Rafael Correa, advirti\u00f3 hoy que la \u00abpobreza es la peor forma de violencia\u00bb y<\/p>\n","protected":false},"author":1,"featured_media":0,"comment_status":"open","ping_status":"open","sticky":false,"template":"","format":"standard","meta":{"footnotes":""},"categories":[7],"tags":[],"_links":{"self":[{"href":"https:\/\/www.ecuadoraldia.com.ec\/index.php?rest_route=\/wp\/v2\/posts\/4490"}],"collection":[{"href":"https:\/\/www.ecuadoraldia.com.ec\/index.php?rest_route=\/wp\/v2\/posts"}],"about":[{"href":"https:\/\/www.ecuadoraldia.com.ec\/index.php?rest_route=\/wp\/v2\/types\/post"}],"author":[{"embeddable":true,"href":"https:\/\/www.ecuadoraldia.com.ec\/index.php?rest_route=\/wp\/v2\/users\/1"}],"replies":[{"embeddable":true,"href":"https:\/\/www.ecuadoraldia.com.ec\/index.php?rest_route=%2Fwp%2Fv2%2Fcomments&post=4490"}],"version-history":[{"count":2,"href":"https:\/\/www.ecuadoraldia.com.ec\/index.php?rest_route=\/wp\/v2\/posts\/4490\/revisions"}],"predecessor-version":[{"id":4494,"href":"https:\/\/www.ecuadoraldia.com.ec\/index.php?rest_route=\/wp\/v2\/posts\/4490\/revisions\/4494"}],"wp:attachment":[{"href":"https:\/\/www.ecuadoraldia.com.ec\/index.php?rest_route=%2Fwp%2Fv2%2Fmedia&parent=4490"}],"wp:term":[{"taxonomy":"category","embeddable":true,"href":"https:\/\/www.ecuadoraldia.com.ec\/index.php?rest_route=%2Fwp%2Fv2%2Fcategories&post=4490"},{"taxonomy":"post_tag","embeddable":true,"href":"https:\/\/www.ecuadoraldia.com.ec\/index.php?rest_route=%2Fwp%2Fv2%2Ftags&post=4490"}],"curies":[{"name":"wp","href":"https:\/\/api.w.org\/{rel}","templated":true}]}}