{"id":4495,"date":"2014-08-20T00:27:52","date_gmt":"2014-08-20T00:27:52","guid":{"rendered":"http:\/\/www.ecuadoraldia.com.ec\/?p=4495"},"modified":"2014-08-20T00:27:52","modified_gmt":"2014-08-20T00:27:52","slug":"corte-trata-este-miercoles-demandas-a-ley-de-comunicacion","status":"publish","type":"post","link":"https:\/\/www.ecuadoraldia.com.ec\/?p=4495","title":{"rendered":"Corte trata este miercoles demandas a Ley de Comunicaci\u00f3n"},"content":{"rendered":"<p><a href=\"http:\/\/www.ecuadoraldia.com.ec\/wp-content\/uploads\/2014\/08\/demandas-ley-de-com.jpg\"><img loading=\"lazy\" decoding=\"async\" class=\"alignleft size-medium wp-image-4496\" src=\"http:\/\/www.ecuadoraldia.com.ec\/wp-content\/uploads\/2014\/08\/demandas-ley-de-com-300x180.jpg\" alt=\"demandas--ley-de-com\" width=\"300\" height=\"180\" srcset=\"https:\/\/www.ecuadoraldia.com.ec\/wp-content\/uploads\/2014\/08\/demandas-ley-de-com-300x180.jpg 300w, https:\/\/www.ecuadoraldia.com.ec\/wp-content\/uploads\/2014\/08\/demandas-ley-de-com.jpg 440w\" sizes=\"(max-width: 300px) 100vw, 300px\" \/><\/a>La reuni\u00f3n del pleno ser\u00e1 a las 09:30 y este tema ser\u00e1 tratado como segundo punto del orden del d\u00eda.<\/p>\n<p>Este 20 de agosto de 2014 en el pleno de la Corte Constitucional (CC) conocer\u00e1 el informe sobre las 3 demandas de inconstitucionalidad planteadas hace m\u00e1s de un a\u00f1o a la Ley de Comunicaci\u00f3n.<\/p>\n<p>La reuni\u00f3n del pleno ser\u00e1 a las 09:30 y este tema ser\u00e1 tratado como segundo punto del orden del d\u00eda. El pleno escuchar\u00e1 el informe sobre esta causa realizado por la jueza Mar\u00eda del Carmen Maldonado.<\/p>\n<p>Las demandas que se impusieron son la del asamble\u00edsta del PSC Luis Fernando Torres a unos 50 art\u00edculos de la norma por cuestiones de forma y otros 20 por el fondo, la de la Cl\u00ednica Jur\u00eddica de la Universidad San Francisco de Quito y la de un grupo de 60 ciudadanos, entre ellos activistas y periodistas, que aseguran en la mayor\u00eda de los art\u00edculos del cuerpo legal se contravienen disposiciones de la Constituci\u00f3n, de tratados Internacionales y de la Corte Interamericana de Derechos Humanos.<\/p>\n","protected":false},"excerpt":{"rendered":"<p>La reuni\u00f3n del pleno ser\u00e1 a las 09:30 y este tema ser\u00e1 tratado como segundo punto del orden del d\u00eda.<\/p>\n","protected":false},"author":1,"featured_media":0,"comment_status":"open","ping_status":"open","sticky":false,"template":"","format":"standard","meta":{"footnotes":""},"categories":[3],"tags":[],"_links":{"self":[{"href":"https:\/\/www.ecuadoraldia.com.ec\/index.php?rest_route=\/wp\/v2\/posts\/4495"}],"collection":[{"href":"https:\/\/www.ecuadoraldia.com.ec\/index.php?rest_route=\/wp\/v2\/posts"}],"about":[{"href":"https:\/\/www.ecuadoraldia.com.ec\/index.php?rest_route=\/wp\/v2\/types\/post"}],"author":[{"embeddable":true,"href":"https:\/\/www.ecuadoraldia.com.ec\/index.php?rest_route=\/wp\/v2\/users\/1"}],"replies":[{"embeddable":true,"href":"https:\/\/www.ecuadoraldia.com.ec\/index.php?rest_route=%2Fwp%2Fv2%2Fcomments&post=4495"}],"version-history":[{"count":1,"href":"https:\/\/www.ecuadoraldia.com.ec\/index.php?rest_route=\/wp\/v2\/posts\/4495\/revisions"}],"predecessor-version":[{"id":4497,"href":"https:\/\/www.ecuadoraldia.com.ec\/index.php?rest_route=\/wp\/v2\/posts\/4495\/revisions\/4497"}],"wp:attachment":[{"href":"https:\/\/www.ecuadoraldia.com.ec\/index.php?rest_route=%2Fwp%2Fv2%2Fmedia&parent=4495"}],"wp:term":[{"taxonomy":"category","embeddable":true,"href":"https:\/\/www.ecuadoraldia.com.ec\/index.php?rest_route=%2Fwp%2Fv2%2Fcategories&post=4495"},{"taxonomy":"post_tag","embeddable":true,"href":"https:\/\/www.ecuadoraldia.com.ec\/index.php?rest_route=%2Fwp%2Fv2%2Ftags&post=4495"}],"curies":[{"name":"wp","href":"https:\/\/api.w.org\/{rel}","templated":true}]}}