{"id":4502,"date":"2014-08-20T12:45:14","date_gmt":"2014-08-20T12:45:14","guid":{"rendered":"http:\/\/www.ecuadoraldia.com.ec\/?p=4502"},"modified":"2014-08-20T12:45:14","modified_gmt":"2014-08-20T12:45:14","slug":"can-ratifica-que-medidas-de-comercio-exterior-de-ecuador-son-restrictivas-y-abre-nueva-investigacion","status":"publish","type":"post","link":"https:\/\/www.ecuadoraldia.com.ec\/?p=4502","title":{"rendered":"CAN ratifica que medidas de comercio exterior de Ecuador son \u00abrestrictivas\u00bb y abre nueva investigaci\u00f3n"},"content":{"rendered":"<p><a href=\"http:\/\/www.ecuadoraldia.com.ec\/wp-content\/uploads\/2014\/08\/can_1.jpg\"><img loading=\"lazy\" decoding=\"async\" class=\"alignleft size-medium wp-image-4503\" src=\"http:\/\/www.ecuadoraldia.com.ec\/wp-content\/uploads\/2014\/08\/can_1-300x204.jpg\" alt=\"can_1\" width=\"300\" height=\"204\" srcset=\"https:\/\/www.ecuadoraldia.com.ec\/wp-content\/uploads\/2014\/08\/can_1-300x204.jpg 300w, https:\/\/www.ecuadoraldia.com.ec\/wp-content\/uploads\/2014\/08\/can_1.jpg 420w\" sizes=\"(max-width: 300px) 100vw, 300px\" \/><\/a>La decisi\u00f3n de Ecuador de exigir a determinadas importaciones certificados de reconocimiento para demostrar el cumplimiento de normas t\u00e9cnicas constituye una \u201crestricci\u00f3n al comercio intrasubregional\u201d, indic\u00f3 la CAN en un comunicado divulgado este martes.<\/p>\n<p>De esta manera, la Comunidad Andina de Naciones (CAN) ratific\u00f3 una decisi\u00f3n anterior que el gobierno ecuatoriano pidi\u00f3 sea reconsiderada. Ahora no existe posibilidad de una nueva reconsideraci\u00f3n.<\/p>\n<p>Las autoridades nacionales no se pronunciaron de inmediato.<\/p>\n<p>\u00abLa Secretar\u00eda General de la Comunidad Andina ratific\u00f3 lo dispuesto en la Resoluci\u00f3n 1695, que consider\u00f3 como una &#8216;restricci\u00f3n al comercio intrasubregional&#8217; la Resoluci\u00f3n 116 del Comit\u00e9 de Comercio Exterior de la Rep\u00fablica del Ecuador (COMEX), por considerarla contraria a los t\u00e9rminos establecidos en el Acuerdo de Cartagena\u00bb, indic\u00f3 la CAN.<\/p>\n<p>La resoluci\u00f3n del COMEX est\u00e1 vigente desde el a\u00f1o pasado y, entre otras cosas, establece la exigencia de la presentaci\u00f3n de un \u00abcertificado de reconocimiento\u00bb como parte de un control previo a la importaci\u00f3n para bienes del sector agroindustrial, cosm\u00e9tico, de higiene y limpieza, pl\u00e1sticos, manufacturas, juguetes, entre otros.<\/p>\n<p>El gobierno ecuatoriano defiende la medida como un mecanismo de control de calidad, aduciendo que al pa\u00eds ingresan productos considerados como \u00abbasura\u00bb en otras naciones.<\/p>\n<p>La CAN indic\u00f3 que reafirm\u00f3 su decisi\u00f3n luego de evaluar el recurso de reconsideraci\u00f3n de Ecuador, enviar delegados a Quito y Guayaquil y mantener reuniones con gobiernos y sectores empresariales de los pa\u00edses andinos.<\/p>\n<p>\u00abCon ello, se cierra el procedimiento ante la Secretar\u00eda General (de la CAN, con sede en Lima), no existiendo posibilidad de una nueva solicitud de reconsideraci\u00f3n\u00bb, refiri\u00f3 el comunicado.<\/p>\n<p>Semanas despu\u00e9s de que la resoluci\u00f3n del COMEX entr\u00f3 en vigencia, empresarios colombianos y peruanos expresaron sus quejas y denunciaron una reducci\u00f3n de sus exportaciones a Ecuador.<\/p>\n<p>De otro lado, la CAN tambi\u00e9n anunci\u00f3 la apertura de una nueva investigaci\u00f3n \u00abpor el posible incumplimiento\u00bb de Ecuador \u00abdel compromiso de Naci\u00f3n m\u00e1s Favorecida\u00bb por un acuerdo publicado por el ministerio de Industrias y Productividad.<\/p>\n<p>Seg\u00fan el organismo subregional, ese acuerdo \u00abestar\u00eda estableciendo un trato diferenciado y mejor a los productos de origen europeo respecto a los productos de origen andino &#8230; De esa forma, los productos europeos estar\u00edan eximidos de las restricciones comerciales impuestas a los productos andinos en el mercado ecuatoriano\u00bb relacionadas con los est\u00e1ndares de calidad vigentes.<\/p>\n<p>Ecuador, que integra la CAN con Colombia, Per\u00fa y Bolivia, tiene 20 d\u00edas de plazo para responder sobre el tema. Fuente CAN<\/p>\n","protected":false},"excerpt":{"rendered":"<p>La decisi\u00f3n de Ecuador de exigir a determinadas importaciones certificados de reconocimiento para demostrar el cumplimiento de normas t\u00e9cnicas constituye<\/p>\n","protected":false},"author":1,"featured_media":0,"comment_status":"open","ping_status":"open","sticky":false,"template":"","format":"standard","meta":{"footnotes":""},"categories":[1],"tags":[],"_links":{"self":[{"href":"https:\/\/www.ecuadoraldia.com.ec\/index.php?rest_route=\/wp\/v2\/posts\/4502"}],"collection":[{"href":"https:\/\/www.ecuadoraldia.com.ec\/index.php?rest_route=\/wp\/v2\/posts"}],"about":[{"href":"https:\/\/www.ecuadoraldia.com.ec\/index.php?rest_route=\/wp\/v2\/types\/post"}],"author":[{"embeddable":true,"href":"https:\/\/www.ecuadoraldia.com.ec\/index.php?rest_route=\/wp\/v2\/users\/1"}],"replies":[{"embeddable":true,"href":"https:\/\/www.ecuadoraldia.com.ec\/index.php?rest_route=%2Fwp%2Fv2%2Fcomments&post=4502"}],"version-history":[{"count":1,"href":"https:\/\/www.ecuadoraldia.com.ec\/index.php?rest_route=\/wp\/v2\/posts\/4502\/revisions"}],"predecessor-version":[{"id":4504,"href":"https:\/\/www.ecuadoraldia.com.ec\/index.php?rest_route=\/wp\/v2\/posts\/4502\/revisions\/4504"}],"wp:attachment":[{"href":"https:\/\/www.ecuadoraldia.com.ec\/index.php?rest_route=%2Fwp%2Fv2%2Fmedia&parent=4502"}],"wp:term":[{"taxonomy":"category","embeddable":true,"href":"https:\/\/www.ecuadoraldia.com.ec\/index.php?rest_route=%2Fwp%2Fv2%2Fcategories&post=4502"},{"taxonomy":"post_tag","embeddable":true,"href":"https:\/\/www.ecuadoraldia.com.ec\/index.php?rest_route=%2Fwp%2Fv2%2Ftags&post=4502"}],"curies":[{"name":"wp","href":"https:\/\/api.w.org\/{rel}","templated":true}]}}