{"id":4505,"date":"2014-08-20T12:46:56","date_gmt":"2014-08-20T12:46:56","guid":{"rendered":"http:\/\/www.ecuadoraldia.com.ec\/?p=4505"},"modified":"2014-08-20T12:46:56","modified_gmt":"2014-08-20T12:46:56","slug":"latinoamerica-necesita-integracion-para-enfrentar-peligros-externos","status":"publish","type":"post","link":"https:\/\/www.ecuadoraldia.com.ec\/?p=4505","title":{"rendered":"Latinoam\u00e9rica necesita integraci\u00f3n para enfrentar peligros externos"},"content":{"rendered":"<p><a href=\"http:\/\/www.ecuadoraldia.com.ec\/wp-content\/uploads\/2014\/08\/correa_en_guatemala.jpg\"><img loading=\"lazy\" decoding=\"async\" class=\"alignleft size-medium wp-image-4506\" src=\"http:\/\/www.ecuadoraldia.com.ec\/wp-content\/uploads\/2014\/08\/correa_en_guatemala-300x176.jpg\" alt=\"correa_en_guatemala\" width=\"300\" height=\"176\" srcset=\"https:\/\/www.ecuadoraldia.com.ec\/wp-content\/uploads\/2014\/08\/correa_en_guatemala-300x176.jpg 300w, https:\/\/www.ecuadoraldia.com.ec\/wp-content\/uploads\/2014\/08\/correa_en_guatemala.jpg 429w\" sizes=\"(max-width: 300px) 100vw, 300px\" \/><\/a>El presidente de Ecuador, Rafael Correa, afirm\u00f3 este martes en Guatemala que la verdadera integraci\u00f3n regional necesita de la voluntad pol\u00edtica y es una necesidad para Am\u00e9rica Latina para afrontar de conjunto \u201cimportantes peligros externos\u201d.<\/p>\n<p>\u201cCon la integraci\u00f3n podr\u00edamos tener nuestro propio banco de desarrollo, nuestras propias reservas y financiar la regi\u00f3n, no estar financiando a Miami: un absurdo\u201d, asever\u00f3 Correa en una entrevista para el canal 3 de la televisi\u00f3n nacional guatemalteca durante su visita oficial a este pa\u00eds centroamericano.<\/p>\n<p>El mandatario enumer\u00f3 entre los acechos a la regi\u00f3n latinoamericana lo que se denomina en econom\u00eda de restricciones externas, como la injusta divisi\u00f3n del trabajo, el financiamiento caro y escaso, y el abuso de las transnacionales.<\/p>\n<p>Expuso que frente a las transnacionales, los pa\u00edses separados pueden ser aplastados, pero juntos no, porque ser\u00edan los que impondr\u00edan sus condiciones a \u00e9stas, y puso como ejemplo el caso de la petrolera estadounidense Chevron en Ecuador, (por su mala pr\u00e1ctica ambiental en la Amazon\u00eda).<\/p>\n<p>\u201cSeparados, vamos a caer de nuevo en la barbaridad de competir para atraer inversi\u00f3n, y por ejemplo, como se hizo en la noche neoliberal, precarizando condiciones de trabajo, haciendo caer salarios reales, quitando estabilidad laboral\u201d , asever\u00f3, y se\u00f1al\u00f3 que quien se beneficiaba de esta situaci\u00f3n era el capital.<\/p>\n<p>\u201cY compet\u00edamos entre nosotros a ver si ven\u00eda el capital a mi pa\u00eds y cada vez eran peores las condiciones de trabajo\u201d, apunt\u00f3.<\/p>\n<p>El presidente ecuatoriano refiri\u00f3 que con la integraci\u00f3n podr\u00eda establecerse un salario m\u00ednimo regional y ya no caer m\u00e1s en el absurdo de competir en base a qui\u00e9n ofrece la mano de obra m\u00e1s barata para el capital transnacional.<\/p>\n<p>Consider\u00f3 que las potencialidades para la integraci\u00f3n son m\u00faltiples y el futuro del mundo van a ser los bloques, y por ejemplo con la Celac (Comunidad de Estados Latinoamericanos y Caribe\u00f1os), ya Am\u00e9rica Latina puede incidir en un orden mundial que no solo es injusto sino inmoral, en funci\u00f3n del m\u00e1s fuerte.<\/p>\n<p>\u201cYa podemos hablar de igual a igual con el Norte\u201d, acot\u00f3, y refiri\u00f3 la posibilidad de que la OEA (Organizaci\u00f3n de Estados Americanos) sea un lugar de encuentro entre la Celac como bloque y el Norte.<\/p>\n<p>\u201cLas potencialidades de la integraci\u00f3n ya no es un sue\u00f1o de nuestros libertadores, sino una necesidad de supervivencia\u201d, reflexion\u00f3.<\/p>\n<p>A una pregunta sobre cu\u00e1les problemas enfrenta este proceso integracionista, Correa se\u00f1al\u00f3 que tiene sus ra\u00edces en la historia de las Rep\u00fablicas de la regi\u00f3n, a causa de ambiciones de caudillos, por lo que todav\u00eda se precisa superar esas agendas personales, grupales e incluso territoriales.<\/p>\n<p>En su opini\u00f3n, cuando los pa\u00edses puedan verse m\u00e1s lejos y pensarse como la Patria Grande, ser\u00e1 posible esa integraci\u00f3n, \u201ccuando entendamos que es mucho m\u00e1s lo que nos une que lo que nos separa\u201d, concluy\u00f3. Andes-Ecuadoraldia.com.ec<\/p>\n","protected":false},"excerpt":{"rendered":"<p>El presidente de Ecuador, Rafael Correa, afirm\u00f3 este martes en Guatemala que la verdadera integraci\u00f3n regional necesita de la voluntad<\/p>\n","protected":false},"author":1,"featured_media":0,"comment_status":"open","ping_status":"open","sticky":false,"template":"","format":"standard","meta":{"footnotes":""},"categories":[1],"tags":[],"_links":{"self":[{"href":"https:\/\/www.ecuadoraldia.com.ec\/index.php?rest_route=\/wp\/v2\/posts\/4505"}],"collection":[{"href":"https:\/\/www.ecuadoraldia.com.ec\/index.php?rest_route=\/wp\/v2\/posts"}],"about":[{"href":"https:\/\/www.ecuadoraldia.com.ec\/index.php?rest_route=\/wp\/v2\/types\/post"}],"author":[{"embeddable":true,"href":"https:\/\/www.ecuadoraldia.com.ec\/index.php?rest_route=\/wp\/v2\/users\/1"}],"replies":[{"embeddable":true,"href":"https:\/\/www.ecuadoraldia.com.ec\/index.php?rest_route=%2Fwp%2Fv2%2Fcomments&post=4505"}],"version-history":[{"count":1,"href":"https:\/\/www.ecuadoraldia.com.ec\/index.php?rest_route=\/wp\/v2\/posts\/4505\/revisions"}],"predecessor-version":[{"id":4507,"href":"https:\/\/www.ecuadoraldia.com.ec\/index.php?rest_route=\/wp\/v2\/posts\/4505\/revisions\/4507"}],"wp:attachment":[{"href":"https:\/\/www.ecuadoraldia.com.ec\/index.php?rest_route=%2Fwp%2Fv2%2Fmedia&parent=4505"}],"wp:term":[{"taxonomy":"category","embeddable":true,"href":"https:\/\/www.ecuadoraldia.com.ec\/index.php?rest_route=%2Fwp%2Fv2%2Fcategories&post=4505"},{"taxonomy":"post_tag","embeddable":true,"href":"https:\/\/www.ecuadoraldia.com.ec\/index.php?rest_route=%2Fwp%2Fv2%2Ftags&post=4505"}],"curies":[{"name":"wp","href":"https:\/\/api.w.org\/{rel}","templated":true}]}}