{"id":4508,"date":"2014-08-20T12:49:34","date_gmt":"2014-08-20T12:49:34","guid":{"rendered":"http:\/\/www.ecuadoraldia.com.ec\/?p=4508"},"modified":"2014-08-20T12:49:34","modified_gmt":"2014-08-20T12:49:34","slug":"jugadores-aclaran-entrega-de-premios-por-el-mundial","status":"publish","type":"post","link":"https:\/\/www.ecuadoraldia.com.ec\/?p=4508","title":{"rendered":"Jugadores aclaran entrega de premios por el Mundial"},"content":{"rendered":"<p><a href=\"http:\/\/www.ecuadoraldia.com.ec\/wp-content\/uploads\/2014\/08\/lchi.jpg\"><img loading=\"lazy\" decoding=\"async\" class=\"alignleft size-medium wp-image-4509\" src=\"http:\/\/www.ecuadoraldia.com.ec\/wp-content\/uploads\/2014\/08\/lchi-300x276.jpg\" alt=\"lchi\" width=\"300\" height=\"276\" srcset=\"https:\/\/www.ecuadoraldia.com.ec\/wp-content\/uploads\/2014\/08\/lchi-300x276.jpg 300w, https:\/\/www.ecuadoraldia.com.ec\/wp-content\/uploads\/2014\/08\/lchi.jpg 325w\" sizes=\"(max-width: 300px) 100vw, 300px\" \/><\/a>El documento fue enviado por Antonio Valencia, capit\u00e1n de la Tri, y en \u00e9l aclara que lo dicho por el periodista de ESPN, Jorge Ramos, es mentira.<\/p>\n<p>Ramos afirm\u00f3 que 6 futbolistas de la Selecci\u00f3n recibieron el 50% de los $ 4,8 millones en premios entregados por la participaci\u00f3n en el Mundial de Brasil 2014, algo que los jugadores desmienten en su comunicado. \u201cDe los $ 4\u2019800.000 (que corresponde al 60% de lo obtenido por la participaci\u00f3n de la Selecci\u00f3n en el certamen ecum\u00e9nico) se fijaron $ 2\u2019000.000 como adelanto y se repartieron entre los miembros del cuerpo t\u00e9cnico, los 51 jugadores que fuimos parte de las eliminatorias de acuerdo a nuestra participaci\u00f3n en los partidos oficiales (minutos jugados), al personal de apoyo y al personal de la casa de la Selecci\u00f3n, respetando el listado por nosotros enviado a la FEF\u201d, dice parte de la misiva que enviaron los seleccionados y que ley\u00f3 ayer Chiriboga.<\/p>\n<p>En la carta se explica que quedan pendientes $ 2\u2019800.000, que a\u00fan no han sido entregados por la FIFA a la Federaci\u00f3n Nacional. Cuando eso suceda, ese valor ser\u00e1 repartido en partes iguales a todos los jugadores y miembros del cuerpo t\u00e9cnico que estuvieron en Brasil (incluyendo a Segundo Castillo), como se ha hecho en las anteriores participaciones de Ecuador en los mundiales (Corea-Jap\u00f3n 2002 y Alemania 2006), se\u00f1ala el documento.<\/p>\n<p>En este documento tambi\u00e9n se desminti\u00f3 lo que indicaba una lista que hab\u00eda aparecido esta semana en la cuenta Twitter de un periodista local y que, de acuerdo con los jugadores, \u201cno tiene validez alguna pues carece de veracidad la informaci\u00f3n presentada\u201d.<\/p>\n<p>Chiriboga tambi\u00e9n recalc\u00f3 que los futbolistas tendr\u00e1n todo el apoyo de la FEF si deciden demandar al periodista Jorge Ramos.<\/p>\n<p>M\u00e1s temprano, Ramos hab\u00eda pedido disculpas a los seleccionados y al f\u00fatbol ecuatoriano por las declaraciones que dio en su programa, asegurando que ten\u00eda una fuente confiable dentro de la Tricolor.<\/p>\n<p>\u201cLa \u00faltima intenci\u00f3n (que tengo) es poder da\u00f1ar la convivencia de la selecci\u00f3n que debe volver a jugar, que debe estar junta. Simplemente dijimos que nos sorprend\u00eda la manera como se hizo el reparto de premios\u201d, coment\u00f3 en di\u00e1logo con radio La Deportiva de Quito.<\/p>\n<p>Ramos manifest\u00f3 tambi\u00e9n que sus declaraciones se propiciaron por lo dicho por Jefferson Montero la semana pasada, quien afirm\u00f3 que algunos seleccionados jugaban por dinero. El comunicador trat\u00f3 de dialogar con el capit\u00e1n de la \u2018Tri\u2019, Antonio Valencia, para que aclarara este tema al aire en el programa radial de ESPN, pero no pudo hablar con \u00e9l.<\/p>\n<p>\u201cNo buscamos rating ni nada que se le parezca. Nosotros no somos denunciantes profesionales ni intentamos cortar cabezas. Al jugador le tengo el mayor de los aprecios\u201d, agreg\u00f3 Ramos, quien confes\u00f3 que mantendr\u00e1 sus afirmaciones y no revelar\u00e1 el nombre del informante, miembro de la delegaci\u00f3n ecuatoriana que viaj\u00f3 a Brasil.<\/p>\n<p>Ramos habl\u00f3 con Antonio Valencia para que explicara sobre los premios, pero cuando volvi\u00f3 a contactarlo para que dialogara en vivo en su programa no contest\u00f3.<\/p>\n<p>Seg\u00fan Luis Chiriboga, presidente de la Federaci\u00f3n Ecuatoriana de F\u00fatbol, la lista de los valores entregados a cada integrante de Ecuador en Brasil 2014 es presentada para respaldar a los seleccionados.<\/p>\n<p>En la carta enviada por los seleccionados de la Tri, y que fue le\u00edda ayer, se indica que \u201cqueremos aclarar que la F.E.F. y su presidente siempre cumplieron con todo lo relacionado a nuestra concentraci\u00f3n, viajes, log\u00edstica, premios y estuvieron junto a la Selecci\u00f3n en todo momento, d\u00e1ndonos el apoyo incondicional y necesario\u201d.<\/p>\n","protected":false},"excerpt":{"rendered":"<p>El documento fue enviado por Antonio Valencia, capit\u00e1n de la Tri, y en \u00e9l aclara que lo dicho por el<\/p>\n","protected":false},"author":1,"featured_media":0,"comment_status":"open","ping_status":"open","sticky":false,"template":"","format":"standard","meta":{"footnotes":""},"categories":[10],"tags":[],"_links":{"self":[{"href":"https:\/\/www.ecuadoraldia.com.ec\/index.php?rest_route=\/wp\/v2\/posts\/4508"}],"collection":[{"href":"https:\/\/www.ecuadoraldia.com.ec\/index.php?rest_route=\/wp\/v2\/posts"}],"about":[{"href":"https:\/\/www.ecuadoraldia.com.ec\/index.php?rest_route=\/wp\/v2\/types\/post"}],"author":[{"embeddable":true,"href":"https:\/\/www.ecuadoraldia.com.ec\/index.php?rest_route=\/wp\/v2\/users\/1"}],"replies":[{"embeddable":true,"href":"https:\/\/www.ecuadoraldia.com.ec\/index.php?rest_route=%2Fwp%2Fv2%2Fcomments&post=4508"}],"version-history":[{"count":1,"href":"https:\/\/www.ecuadoraldia.com.ec\/index.php?rest_route=\/wp\/v2\/posts\/4508\/revisions"}],"predecessor-version":[{"id":4510,"href":"https:\/\/www.ecuadoraldia.com.ec\/index.php?rest_route=\/wp\/v2\/posts\/4508\/revisions\/4510"}],"wp:attachment":[{"href":"https:\/\/www.ecuadoraldia.com.ec\/index.php?rest_route=%2Fwp%2Fv2%2Fmedia&parent=4508"}],"wp:term":[{"taxonomy":"category","embeddable":true,"href":"https:\/\/www.ecuadoraldia.com.ec\/index.php?rest_route=%2Fwp%2Fv2%2Fcategories&post=4508"},{"taxonomy":"post_tag","embeddable":true,"href":"https:\/\/www.ecuadoraldia.com.ec\/index.php?rest_route=%2Fwp%2Fv2%2Ftags&post=4508"}],"curies":[{"name":"wp","href":"https:\/\/api.w.org\/{rel}","templated":true}]}}