{"id":4518,"date":"2014-08-20T19:54:22","date_gmt":"2014-08-20T19:54:22","guid":{"rendered":"http:\/\/www.ecuadoraldia.com.ec\/?p=4518"},"modified":"2014-08-20T19:54:22","modified_gmt":"2014-08-20T19:54:22","slug":"carretera-entre-calderon-y-guayllabamba-permanecera-cerrada-por-seis-meses","status":"publish","type":"post","link":"https:\/\/www.ecuadoraldia.com.ec\/?p=4518","title":{"rendered":"Carretera entre Calder\u00f3n y Guayllabamba permanecer\u00e1 cerrada  por seis meses"},"content":{"rendered":"<p><a href=\"http:\/\/www.ecuadoraldia.com.ec\/wp-content\/uploads\/2014\/08\/mtop.jpg\"><img loading=\"lazy\" decoding=\"async\" class=\"alignleft size-medium wp-image-4519\" src=\"http:\/\/www.ecuadoraldia.com.ec\/wp-content\/uploads\/2014\/08\/mtop-300x192.jpg\" alt=\"mtop\" width=\"300\" height=\"192\" srcset=\"https:\/\/www.ecuadoraldia.com.ec\/wp-content\/uploads\/2014\/08\/mtop-300x192.jpg 300w, https:\/\/www.ecuadoraldia.com.ec\/wp-content\/uploads\/2014\/08\/mtop.jpg 450w\" sizes=\"(max-width: 300px) 100vw, 300px\" \/><\/a>La ministra de Transporte y Obras P\u00fablicas Paola Carvajal anunci\u00f3 esta ma\u00f1ana que el tramo Oyacoto &#8211; Guayllabamba de la carretera que une a esta \u00faltima parroquia rural permanecer\u00e1 cerrado por lo menos unos eis meses<\/p>\n<p>La funcionaria asegur\u00f3 que se trata de una decisi\u00f3n responsable del Gobierno Central debido al estado actual de los taludes de la v\u00eda, que incluso presentan fisuras, tras el sismo de 5,1 grados del martes 12 de agosto y las subsiguientes r\u00e9plicas.<\/p>\n<p>Durante el per\u00edodo, no se permitir\u00e1 la circulaci\u00f3n de ning\u00fan veh\u00edculo y se proceder\u00e1 a realizar trabajos de estabilizaci\u00f3n de las pendientes que rodean a esa parte de la carretera Panamericana.<\/p>\n<p>Hasta tanto, la conexi\u00f3n de Quito con el norte del pa\u00eds se deber\u00e1 hacer a trav\u00e9s de v\u00edas alternas como la E-35 y la avenida Interoce\u00e1nica.<\/p>\n","protected":false},"excerpt":{"rendered":"<p>La ministra de Transporte y Obras P\u00fablicas Paola Carvajal anunci\u00f3 esta ma\u00f1ana que el tramo Oyacoto &#8211; Guayllabamba de la<\/p>\n","protected":false},"author":1,"featured_media":0,"comment_status":"open","ping_status":"open","sticky":false,"template":"","format":"standard","meta":{"footnotes":""},"categories":[1],"tags":[],"_links":{"self":[{"href":"https:\/\/www.ecuadoraldia.com.ec\/index.php?rest_route=\/wp\/v2\/posts\/4518"}],"collection":[{"href":"https:\/\/www.ecuadoraldia.com.ec\/index.php?rest_route=\/wp\/v2\/posts"}],"about":[{"href":"https:\/\/www.ecuadoraldia.com.ec\/index.php?rest_route=\/wp\/v2\/types\/post"}],"author":[{"embeddable":true,"href":"https:\/\/www.ecuadoraldia.com.ec\/index.php?rest_route=\/wp\/v2\/users\/1"}],"replies":[{"embeddable":true,"href":"https:\/\/www.ecuadoraldia.com.ec\/index.php?rest_route=%2Fwp%2Fv2%2Fcomments&post=4518"}],"version-history":[{"count":1,"href":"https:\/\/www.ecuadoraldia.com.ec\/index.php?rest_route=\/wp\/v2\/posts\/4518\/revisions"}],"predecessor-version":[{"id":4520,"href":"https:\/\/www.ecuadoraldia.com.ec\/index.php?rest_route=\/wp\/v2\/posts\/4518\/revisions\/4520"}],"wp:attachment":[{"href":"https:\/\/www.ecuadoraldia.com.ec\/index.php?rest_route=%2Fwp%2Fv2%2Fmedia&parent=4518"}],"wp:term":[{"taxonomy":"category","embeddable":true,"href":"https:\/\/www.ecuadoraldia.com.ec\/index.php?rest_route=%2Fwp%2Fv2%2Fcategories&post=4518"},{"taxonomy":"post_tag","embeddable":true,"href":"https:\/\/www.ecuadoraldia.com.ec\/index.php?rest_route=%2Fwp%2Fv2%2Ftags&post=4518"}],"curies":[{"name":"wp","href":"https:\/\/api.w.org\/{rel}","templated":true}]}}