{"id":4521,"date":"2014-08-20T19:56:18","date_gmt":"2014-08-20T19:56:18","guid":{"rendered":"http:\/\/www.ecuadoraldia.com.ec\/?p=4521"},"modified":"2014-08-20T19:56:18","modified_gmt":"2014-08-20T19:56:18","slug":"fiscalia-investigara-quema-de-bosque-en-el-cerro-auqi","status":"publish","type":"post","link":"https:\/\/www.ecuadoraldia.com.ec\/?p=4521","title":{"rendered":"Fiscalia investigar\u00e1 quema de bosque en el cerro Auqi"},"content":{"rendered":"<p><a href=\"http:\/\/www.ecuadoraldia.com.ec\/wp-content\/uploads\/2014\/08\/4.jpg\"><img loading=\"lazy\" decoding=\"async\" class=\"alignleft size-medium wp-image-4522\" src=\"http:\/\/www.ecuadoraldia.com.ec\/wp-content\/uploads\/2014\/08\/4-300x224.jpg\" alt=\"4\" width=\"300\" height=\"224\" srcset=\"https:\/\/www.ecuadoraldia.com.ec\/wp-content\/uploads\/2014\/08\/4-300x224.jpg 300w, https:\/\/www.ecuadoraldia.com.ec\/wp-content\/uploads\/2014\/08\/4.jpg 630w\" sizes=\"(max-width: 300px) 100vw, 300px\" \/><\/a>Juan Zapata, secretario de Seguridad del Municipio, present\u00f3 hoy una denuncia ante la Fiscal\u00eda por el incendio que consumi\u00f3 el martes 7 hect\u00e1reas en el cerro Auqui.<\/p>\n<p>Zapata indic\u00f3 que el Cuerpo de Bomberos revel\u00f3 que se trata de un \u00abincendio provocado\u00bb, pues encontraron en el lugar \u00abneum\u00e1ticos con acelerantes\u00bb, que habr\u00edan provocado el flagelo.<\/p>\n<p>El funcionario municipal dijo que esperan que la Fiscal\u00eda investigue y \u00abse pueda dar con el paradero de esta gente que caus\u00f3 el incendio m\u00e1s grande en lo que va de este a\u00f1o\u00bb.<\/p>\n<p>Zapata explic\u00f3 que las autoridades municipales cuentan con c\u00e1maras en algunos sectores cercanos al cerro Auqui.\u00bbDios quiera que esas c\u00e1maras nos puedan ayudar\u00bb precis\u00f3.<\/p>\n<p>Indic\u00f3 que actualmente hay dos presuntos pir\u00f3manos que fueron puestos a \u00f3rdenes de las autoridades pertinentes en meses anteriores, pero no por estos casos. Detall\u00f3 que uno de ello tiene medidas cautelares, mientras que a otro se ratific\u00f3 la detenci\u00f3n preliminar a la espera del juzgamiento.<\/p>\n<p>Record\u00f3 que en el nuevo C\u00f3digo Org\u00e1nico Integral Penal (COIP) hay sanciones de 2 a 3 a\u00f1os y de 13 a 16 a\u00f1os, dependiendo de la infracci\u00f3n cometida.<\/p>\n<p>La Secretar\u00eda de Seguridad del Municipio cuenta con un an\u00e1lisis de los flagelos entre 2013 y 2014. Zapata indic\u00f3 que se analiz\u00f3 desde julio de 2013 hasta julio de 2014, en donde se encontr\u00f3 que los incendios se redujeron en un 47,5%, pues pasaron de 346 flagelos a 175 en este a\u00f1o.<\/p>\n<p>Coment\u00f3 que del informe del Comit\u00e9 de Operaciones de Emergencia (COE), hasta el 10 de agosto hubo 38 hect\u00e1reas afectadas. Detall\u00f3 que solo ayer se quemaron 9 hect\u00e1reas (7 del cerro Auqui y 2 de las canteras de La Libertad, en San Roque).<\/p>\n<p>Seg\u00fan Zapata, el 82% de ciudadanos ya est\u00e1 denunciando a los presuntos pir\u00f3manos, a trav\u00e9s de la l\u00ednea telef\u00f3nica del 911.<\/p>\n<p>El ECU 911 report\u00f3 en total ayer 5 incendios. Adem\u00e1s de los flagelos en Auqui se registraron flagelos en la av. Sim\u00f3n Bol\u00edvar, cerca de la Universidad Internacional, y otros en las canteras La Libertad, Cumbay\u00e1 y Santa Rosa de P\u00edntag.<\/p>\n","protected":false},"excerpt":{"rendered":"<p>Juan Zapata, secretario de Seguridad del Municipio, present\u00f3 hoy una denuncia ante la Fiscal\u00eda por el incendio que consumi\u00f3 el<\/p>\n","protected":false},"author":1,"featured_media":0,"comment_status":"open","ping_status":"open","sticky":false,"template":"","format":"standard","meta":{"footnotes":""},"categories":[14],"tags":[],"_links":{"self":[{"href":"https:\/\/www.ecuadoraldia.com.ec\/index.php?rest_route=\/wp\/v2\/posts\/4521"}],"collection":[{"href":"https:\/\/www.ecuadoraldia.com.ec\/index.php?rest_route=\/wp\/v2\/posts"}],"about":[{"href":"https:\/\/www.ecuadoraldia.com.ec\/index.php?rest_route=\/wp\/v2\/types\/post"}],"author":[{"embeddable":true,"href":"https:\/\/www.ecuadoraldia.com.ec\/index.php?rest_route=\/wp\/v2\/users\/1"}],"replies":[{"embeddable":true,"href":"https:\/\/www.ecuadoraldia.com.ec\/index.php?rest_route=%2Fwp%2Fv2%2Fcomments&post=4521"}],"version-history":[{"count":1,"href":"https:\/\/www.ecuadoraldia.com.ec\/index.php?rest_route=\/wp\/v2\/posts\/4521\/revisions"}],"predecessor-version":[{"id":4523,"href":"https:\/\/www.ecuadoraldia.com.ec\/index.php?rest_route=\/wp\/v2\/posts\/4521\/revisions\/4523"}],"wp:attachment":[{"href":"https:\/\/www.ecuadoraldia.com.ec\/index.php?rest_route=%2Fwp%2Fv2%2Fmedia&parent=4521"}],"wp:term":[{"taxonomy":"category","embeddable":true,"href":"https:\/\/www.ecuadoraldia.com.ec\/index.php?rest_route=%2Fwp%2Fv2%2Fcategories&post=4521"},{"taxonomy":"post_tag","embeddable":true,"href":"https:\/\/www.ecuadoraldia.com.ec\/index.php?rest_route=%2Fwp%2Fv2%2Ftags&post=4521"}],"curies":[{"name":"wp","href":"https:\/\/api.w.org\/{rel}","templated":true}]}}