{"id":4524,"date":"2014-08-21T20:49:17","date_gmt":"2014-08-21T20:49:17","guid":{"rendered":"http:\/\/www.ecuadoraldia.com.ec\/?p=4524"},"modified":"2014-08-21T20:49:17","modified_gmt":"2014-08-21T20:49:17","slug":"lara-sera-extraditado-al-ecuador","status":"publish","type":"post","link":"https:\/\/www.ecuadoraldia.com.ec\/?p=4524","title":{"rendered":"Lara ser\u00e0 extraditado al Ecuador"},"content":{"rendered":"<p><a href=\"http:\/\/www.ecuadoraldia.com.ec\/wp-content\/uploads\/2014\/08\/galo-lara.jpg\"><img loading=\"lazy\" decoding=\"async\" class=\"alignleft size-medium wp-image-4525\" src=\"http:\/\/www.ecuadoraldia.com.ec\/wp-content\/uploads\/2014\/08\/galo-lara-300x209.jpg\" alt=\"galo lara\" width=\"300\" height=\"209\" srcset=\"https:\/\/www.ecuadoraldia.com.ec\/wp-content\/uploads\/2014\/08\/galo-lara-300x209.jpg 300w, https:\/\/www.ecuadoraldia.com.ec\/wp-content\/uploads\/2014\/08\/galo-lara.jpg 450w\" sizes=\"(max-width: 300px) 100vw, 300px\" \/><\/a>La solicitud de extradici\u00f3n del exasamble\u00edsta Galo Lara, sentenciado por el triple asesinato de Quinsaloma, fue estimada como \u00abprocedente\u00bb por parte del Ministerio de Relaciones Exteriores de ese pa\u00eds. La decisi\u00f3n ya fue comunicada a Lara Y\u00e9pez.<\/p>\n<p>A trav\u00e9s de un comunicado oficial, la Canciller\u00eda paname\u00f1a afirma que \u00abla notificaci\u00f3n se da en base al fallo de la Corte Suprema de Justicia, que neg\u00f3 la advertencia de inconstitucionalidad presentada por los apoderados legales de Galo Lara, con respecto al proceso de extradici\u00f3n que ya se hab\u00eda iniciado anteriormente.<\/p>\n<p>Lara tendr\u00e1 15 d\u00edas h\u00e1biles para presentar un \u201cincidente de objeciones\u201d ante la Sala Segunda de lo Penal, si as\u00ed lo consideran sus abogados.<\/p>\n<p>El exlegislador fue condenado a 10 a\u00f1os de prisi\u00f3n como c\u00f3mplice del asesinato de Carlos Llanos, Silvia Parco y el hijo de ambos, de 4 a\u00f1os. El triple crimen ocurri\u00f3 en la localidad de Quinsaloma, Los R\u00edos, en agosto de 2011.<\/p>\n<p>La sentencia fue dictada en septiembre de 2013, por el Tribunal de la Sala Especializada de lo Penal de la CNJ, y fue ratificada y declarada en firme por el Tribunal de Casaci\u00f3n, el 18 de noviembre de 2013.<\/p>\n<p>El pasado 9 de junio, Lara fue detenido por la Polic\u00eda Nacional de Panam\u00e1, en una casa en la playa en Santa Catalina, en la provincia paname\u00f1a de Veraguas. El pasado 19 de mayo, Panam\u00e1 revoc\u00f3 el asilo que le hab\u00eda otorgado en octubre de 2013.<\/p>\n<p>Al exlegislador ecuatoriano se le hab\u00eda notificado en aquella \u00e9poca la revocatoria de su condici\u00f3n de asilado, pero permaneci\u00f3 por varios d\u00edas en un paradero desconocido.<\/p>\n","protected":false},"excerpt":{"rendered":"<p>La solicitud de extradici\u00f3n del exasamble\u00edsta Galo Lara, sentenciado por el triple asesinato de Quinsaloma, fue estimada como \u00abprocedente\u00bb por<\/p>\n","protected":false},"author":1,"featured_media":0,"comment_status":"open","ping_status":"open","sticky":false,"template":"","format":"standard","meta":{"footnotes":""},"categories":[1],"tags":[],"_links":{"self":[{"href":"https:\/\/www.ecuadoraldia.com.ec\/index.php?rest_route=\/wp\/v2\/posts\/4524"}],"collection":[{"href":"https:\/\/www.ecuadoraldia.com.ec\/index.php?rest_route=\/wp\/v2\/posts"}],"about":[{"href":"https:\/\/www.ecuadoraldia.com.ec\/index.php?rest_route=\/wp\/v2\/types\/post"}],"author":[{"embeddable":true,"href":"https:\/\/www.ecuadoraldia.com.ec\/index.php?rest_route=\/wp\/v2\/users\/1"}],"replies":[{"embeddable":true,"href":"https:\/\/www.ecuadoraldia.com.ec\/index.php?rest_route=%2Fwp%2Fv2%2Fcomments&post=4524"}],"version-history":[{"count":1,"href":"https:\/\/www.ecuadoraldia.com.ec\/index.php?rest_route=\/wp\/v2\/posts\/4524\/revisions"}],"predecessor-version":[{"id":4526,"href":"https:\/\/www.ecuadoraldia.com.ec\/index.php?rest_route=\/wp\/v2\/posts\/4524\/revisions\/4526"}],"wp:attachment":[{"href":"https:\/\/www.ecuadoraldia.com.ec\/index.php?rest_route=%2Fwp%2Fv2%2Fmedia&parent=4524"}],"wp:term":[{"taxonomy":"category","embeddable":true,"href":"https:\/\/www.ecuadoraldia.com.ec\/index.php?rest_route=%2Fwp%2Fv2%2Fcategories&post=4524"},{"taxonomy":"post_tag","embeddable":true,"href":"https:\/\/www.ecuadoraldia.com.ec\/index.php?rest_route=%2Fwp%2Fv2%2Ftags&post=4524"}],"curies":[{"name":"wp","href":"https:\/\/api.w.org\/{rel}","templated":true}]}}