{"id":4527,"date":"2014-08-21T20:55:00","date_gmt":"2014-08-21T20:55:00","guid":{"rendered":"http:\/\/www.ecuadoraldia.com.ec\/?p=4527"},"modified":"2014-08-21T20:55:00","modified_gmt":"2014-08-21T20:55:00","slug":"fmi-plantea-al-ecuador-educir-el-gasto-publico","status":"publish","type":"post","link":"https:\/\/www.ecuadoraldia.com.ec\/?p=4527","title":{"rendered":"FMI plantea al Ecuador educir  el gasto p\u00fablico"},"content":{"rendered":"<p><a href=\"http:\/\/www.ecuadoraldia.com.ec\/wp-content\/uploads\/2014\/08\/fmi.jpg\"><img loading=\"lazy\" decoding=\"async\" class=\"alignleft size-medium wp-image-4528\" src=\"http:\/\/www.ecuadoraldia.com.ec\/wp-content\/uploads\/2014\/08\/fmi-300x168.jpg\" alt=\"fmi\" width=\"300\" height=\"168\" srcset=\"https:\/\/www.ecuadoraldia.com.ec\/wp-content\/uploads\/2014\/08\/fmi-300x168.jpg 300w, https:\/\/www.ecuadoraldia.com.ec\/wp-content\/uploads\/2014\/08\/fmi.jpg 570w\" sizes=\"(max-width: 300px) 100vw, 300px\" \/><\/a>El Fondo Monetario Internacional (FMI), al concluir su primera revisi\u00f3n de la econom\u00eda del pa\u00eds en 6 a\u00f1os, inform\u00f3 que Ecuador ha logrado un progreso econ\u00f3mico y social importante en la \u00faltima d\u00e9cada.<\/p>\n<p>\u00abEl crecimiento econ\u00f3mico ha promediado alrededor de 4,5% desde 2001, y la inflaci\u00f3n ha disminuido gradualmente a alrededor del 3% al a\u00f1o. La estabilidad financiera, lograda con la dolarizaci\u00f3n, se conserv\u00f3 y, junto con una baja inflaci\u00f3n, un crecimiento sostenido y un aumento del gasto social, la ayud\u00f3 a reducir la pobreza y mejorar los indicadores sociales\u00bb, destaca el organismo en un comunicado.<\/p>\n<p>El Fondo recalca que los altos precios del petr\u00f3leo en los \u00faltimos a\u00f1os han generado unos ingresos extraordinarios, que apoy\u00f3 la balanza de pagos y las cuentas fiscales, lo que facilita un mayor gasto p\u00fablico.<\/p>\n<p>Agrega que despu\u00e9s de rebotar con fuerza desde el impacto de la crisis financiera mundial, el crecimiento se moder\u00f3 ligeramente en los \u00faltimos dos a\u00f1os. El crecimiento real del PIB se estabiliz\u00f3 en 4,5% en 2013 del 5% en 2012, lo que refleja la demanda interna menos din\u00e1mica, pero se mantiene ligeramente por encima del potencial.<\/p>\n<p>El FMI resalta que la tasa de desempleo cay\u00f3 a un m\u00ednimo hist\u00f3rico, mientras que los salarios reales siguen aumentando. \u00abUn d\u00e9ficit fiscal se ha vuelto a surgir a pesar de la recaudaci\u00f3n tributaria boyante. El gasto de capital superior ampli\u00f3 el d\u00e9ficit fiscal a 4,7% del PIB, financiado principalmente por los pr\u00e9stamos de China. La deuda p\u00fablica bruta de Ecuador se situ\u00f3 en el 24,4% del PIB a finales de 2013, que es baja para los est\u00e1ndares regionales. El d\u00e9ficit por cuenta corriente aument\u00f3 hasta el 1,3% del PIB en 2013 del 0,4% que tuvo en 2011-12. El cr\u00e9dito al sector privado y la rentabilidad de los bancos se redujo, pero el sistema financiero se mantiene saludable\u00bb.<\/p>\n<p>Para la instituci\u00f3n internacional el sector p\u00fablico fue un importante motor de crecimiento durante los \u00faltimos a\u00f1os, pero el sector privado necesita un papel m\u00e1s importante para evitar posibles desequilibrios fiscales y externos.<\/p>\n<p>\u00abLa aparici\u00f3n de los d\u00e9ficit fiscales considerables pide moderaci\u00f3n en los planes de gasto p\u00fablico, y la moderaci\u00f3n en el gasto corriente es necesaria para dar cabida a la ampliaci\u00f3n de un programa de inversiones del sector p\u00fablico (PSIP). La raz\u00f3n de ser del PSIP es revertir finalmente la disminuci\u00f3n esperada en los ingresos del petr\u00f3leo, no s\u00f3lo por el aumento de la producci\u00f3n de petr\u00f3leo, sino tambi\u00e9n mediante la sustituci\u00f3n de las importaciones de combustibles y la diversificaci\u00f3n de los recursos energ\u00e9ticos. En el sistema financiero, que ser\u00eda importante para la nueva legislaci\u00f3n y la regulaci\u00f3n bancaria para apoyar las perspectivas de crecimiento\u00bb.<\/p>\n<p>Evaluaci\u00f3n del comit\u00e9 ejecutivo<\/p>\n<p>Los directores ejecutivos del FMI elogiaron las mejoras significativas en los indicadores sociales y econ\u00f3micos del Ecuador en la \u00faltima d\u00e9cada. Se\u00f1alaron que las perspectivas de crecimiento de Ecuador son en general favorables y los riesgos est\u00e1n equilibrados en t\u00e9rminos generales.<\/p>\n<p>Instaron a las autoridades a restaurar el espacio de pol\u00edticas, continuar fortaleciendo el sistema financiero y llevar a cabo m\u00e1s reformas para impulsar la competitividad y sostener un alto crecimiento.<\/p>\n<p>Los directores alentaron a las autoridades para hacer frente a los desequilibrios fiscales emergentes. En este sentido, acogieron con satisfacci\u00f3n la intenci\u00f3n de las autoridades para moderar el gasto corriente y dar prioridad a los gastos de capital para dar cabida a grandes inversiones p\u00fablicas previstas y en curso.Tomaron nota de que la aplicaci\u00f3n de estos proyectos bajo estrictos criterios econ\u00f3micos que mejorar\u00e1 la capacidad productiva de la econom\u00eda y reducir\u00e1 la dependencia del petr\u00f3leo en el mediano plazo.<\/p>\n<p>En t\u00e9rminos m\u00e1s generales, directores hicieron hincapi\u00e9 en la necesidad de crear un espacio fiscal adicional.Estuvieron de acuerdo en que es necesaria una revisi\u00f3n cuidadosamente planificada de los subsidios al combustible que salvaguarda el bienestar de los pobres para reducir el gasto en el presupuesto. Tambi\u00e9n recomendaron mejorar los ingresos a\u00fan m\u00e1s, centr\u00e1ndose en el logro de una mejor aplicaci\u00f3n de las leyes fiscales y una mayor eficiencia en la administraci\u00f3n tributaria.Algunos directores consideraron conveniente ahorro de los ingresos extraordinarios del petr\u00f3leo en un fondo de estabilizaci\u00f3n y la riqueza fiscal.<\/p>\n<p>\u00abM\u00e1s esfuerzo deben centrarse en la mejora del clima de negocios, aumentar la flexibilidad del mercado de trabajo, el capital humano y el fortalecimiento de las instituciones y el marco legal\u00bb concluyen.<\/p>\n<p>Se espera que la pr\u00f3xima consulta del Art\u00edculo IV con Ecuador, se celebre en Quito en el ciclo est\u00e1ndar de 12 meses.<\/p>\n","protected":false},"excerpt":{"rendered":"<p>El Fondo Monetario Internacional (FMI), al concluir su primera revisi\u00f3n de la econom\u00eda del pa\u00eds en 6 a\u00f1os, inform\u00f3 que<\/p>\n","protected":false},"author":1,"featured_media":0,"comment_status":"open","ping_status":"open","sticky":false,"template":"","format":"standard","meta":{"footnotes":""},"categories":[7],"tags":[],"_links":{"self":[{"href":"https:\/\/www.ecuadoraldia.com.ec\/index.php?rest_route=\/wp\/v2\/posts\/4527"}],"collection":[{"href":"https:\/\/www.ecuadoraldia.com.ec\/index.php?rest_route=\/wp\/v2\/posts"}],"about":[{"href":"https:\/\/www.ecuadoraldia.com.ec\/index.php?rest_route=\/wp\/v2\/types\/post"}],"author":[{"embeddable":true,"href":"https:\/\/www.ecuadoraldia.com.ec\/index.php?rest_route=\/wp\/v2\/users\/1"}],"replies":[{"embeddable":true,"href":"https:\/\/www.ecuadoraldia.com.ec\/index.php?rest_route=%2Fwp%2Fv2%2Fcomments&post=4527"}],"version-history":[{"count":1,"href":"https:\/\/www.ecuadoraldia.com.ec\/index.php?rest_route=\/wp\/v2\/posts\/4527\/revisions"}],"predecessor-version":[{"id":4529,"href":"https:\/\/www.ecuadoraldia.com.ec\/index.php?rest_route=\/wp\/v2\/posts\/4527\/revisions\/4529"}],"wp:attachment":[{"href":"https:\/\/www.ecuadoraldia.com.ec\/index.php?rest_route=%2Fwp%2Fv2%2Fmedia&parent=4527"}],"wp:term":[{"taxonomy":"category","embeddable":true,"href":"https:\/\/www.ecuadoraldia.com.ec\/index.php?rest_route=%2Fwp%2Fv2%2Fcategories&post=4527"},{"taxonomy":"post_tag","embeddable":true,"href":"https:\/\/www.ecuadoraldia.com.ec\/index.php?rest_route=%2Fwp%2Fv2%2Ftags&post=4527"}],"curies":[{"name":"wp","href":"https:\/\/api.w.org\/{rel}","templated":true}]}}