{"id":4530,"date":"2014-08-21T20:58:32","date_gmt":"2014-08-21T20:58:32","guid":{"rendered":"http:\/\/www.ecuadoraldia.com.ec\/?p=4530"},"modified":"2014-08-21T20:58:32","modified_gmt":"2014-08-21T20:58:32","slug":"700-companias-seran-disueltas-en-el-ecuador","status":"publish","type":"post","link":"https:\/\/www.ecuadoraldia.com.ec\/?p=4530","title":{"rendered":"700 Compa\u00f1\u00edas ser\u00e0n disueltas en el Ecuador"},"content":{"rendered":"<p><a href=\"http:\/\/www.ecuadoraldia.com.ec\/wp-content\/uploads\/2014\/08\/cias.jpg\"><img loading=\"lazy\" decoding=\"async\" class=\"alignleft size-medium wp-image-4531\" src=\"http:\/\/www.ecuadoraldia.com.ec\/wp-content\/uploads\/2014\/08\/cias-300x221.jpg\" alt=\"cias\" width=\"300\" height=\"221\" srcset=\"https:\/\/www.ecuadoraldia.com.ec\/wp-content\/uploads\/2014\/08\/cias-300x221.jpg 300w, https:\/\/www.ecuadoraldia.com.ec\/wp-content\/uploads\/2014\/08\/cias.jpg 456w\" sizes=\"(max-width: 300px) 100vw, 300px\" \/><\/a>La Superintendencia de Compa\u00f1\u00edas y Valores confirm\u00f3 este jueves que disolver\u00e1 a un n\u00famero aproximado de 700 compa\u00f1\u00edas que reincidieron durante dos a\u00f1os en p\u00e9rdidas del cincuenta por ciento o m\u00e1s del capital social, de acuerdo a los estados financieros 2012 y 2013, y que no presentaron descargos que pudieran demostrar que subsanaron la Causal de Disoluci\u00f3n.<\/p>\n<p>El pasado junio la instituci\u00f3n notific\u00f3 a 5.400 compa\u00f1\u00edas aproximadamente, que estaban en Causal de Disoluci\u00f3n por p\u00e9rdidas de acuerdo a los estados financieros de 2013, presentados hasta el 31 de mayo de 2014. Esta notificaci\u00f3n tuvo por objetivo que las compa\u00f1\u00edas que fueron notificadas presenten los descargos correspondientes, en el lapso de 30 d\u00edas.<\/p>\n<p>De las 5.400 compa\u00f1\u00edas notificadas, se considera que aproximadamente 3.400 todav\u00eda se encuentran en Causal de Disoluci\u00f3n. Luego de la revisi\u00f3n respectiva de la Direcci\u00f3n de Control, se seleccion\u00f3 a un n\u00famero aproximado de 700 compa\u00f1\u00edas para disolver en un primer grupo, por ser reincidentes, ya se encontraban en la misma Causal de acuerdo a los estados financieros 2012. La Superintendencia de Compa\u00f1\u00edas y Valores est\u00e1 analizando los descargos correspondientes de aproximadamente dos mil compa\u00f1\u00edas.<\/p>\n<p>&nbsp;<\/p>\n<p>&nbsp;<\/p>\n<p>&nbsp;<\/p>\n","protected":false},"excerpt":{"rendered":"<p>La Superintendencia de Compa\u00f1\u00edas y Valores confirm\u00f3 este jueves que disolver\u00e1 a un n\u00famero aproximado de 700 compa\u00f1\u00edas que reincidieron<\/p>\n","protected":false},"author":1,"featured_media":0,"comment_status":"open","ping_status":"open","sticky":false,"template":"","format":"standard","meta":{"footnotes":""},"categories":[1],"tags":[],"_links":{"self":[{"href":"https:\/\/www.ecuadoraldia.com.ec\/index.php?rest_route=\/wp\/v2\/posts\/4530"}],"collection":[{"href":"https:\/\/www.ecuadoraldia.com.ec\/index.php?rest_route=\/wp\/v2\/posts"}],"about":[{"href":"https:\/\/www.ecuadoraldia.com.ec\/index.php?rest_route=\/wp\/v2\/types\/post"}],"author":[{"embeddable":true,"href":"https:\/\/www.ecuadoraldia.com.ec\/index.php?rest_route=\/wp\/v2\/users\/1"}],"replies":[{"embeddable":true,"href":"https:\/\/www.ecuadoraldia.com.ec\/index.php?rest_route=%2Fwp%2Fv2%2Fcomments&post=4530"}],"version-history":[{"count":1,"href":"https:\/\/www.ecuadoraldia.com.ec\/index.php?rest_route=\/wp\/v2\/posts\/4530\/revisions"}],"predecessor-version":[{"id":4532,"href":"https:\/\/www.ecuadoraldia.com.ec\/index.php?rest_route=\/wp\/v2\/posts\/4530\/revisions\/4532"}],"wp:attachment":[{"href":"https:\/\/www.ecuadoraldia.com.ec\/index.php?rest_route=%2Fwp%2Fv2%2Fmedia&parent=4530"}],"wp:term":[{"taxonomy":"category","embeddable":true,"href":"https:\/\/www.ecuadoraldia.com.ec\/index.php?rest_route=%2Fwp%2Fv2%2Fcategories&post=4530"},{"taxonomy":"post_tag","embeddable":true,"href":"https:\/\/www.ecuadoraldia.com.ec\/index.php?rest_route=%2Fwp%2Fv2%2Ftags&post=4530"}],"curies":[{"name":"wp","href":"https:\/\/api.w.org\/{rel}","templated":true}]}}