{"id":4536,"date":"2014-08-22T19:48:04","date_gmt":"2014-08-22T19:48:04","guid":{"rendered":"http:\/\/www.ecuadoraldia.com.ec\/?p=4536"},"modified":"2014-08-22T19:48:04","modified_gmt":"2014-08-22T19:48:04","slug":"los-cabildos-digitalizaran-procesos","status":"publish","type":"post","link":"https:\/\/www.ecuadoraldia.com.ec\/?p=4536","title":{"rendered":"Los cabildos digitalizar\u00e1n procesos"},"content":{"rendered":"<p><a href=\"http:\/\/www.ecuadoraldia.com.ec\/wp-content\/uploads\/2014\/08\/muni.jpg\"><img loading=\"lazy\" decoding=\"async\" class=\"alignleft size-medium wp-image-4537\" src=\"http:\/\/www.ecuadoraldia.com.ec\/wp-content\/uploads\/2014\/08\/muni-300x225.jpg\" alt=\"muni\" width=\"300\" height=\"225\" srcset=\"https:\/\/www.ecuadoraldia.com.ec\/wp-content\/uploads\/2014\/08\/muni-300x225.jpg 300w, https:\/\/www.ecuadoraldia.com.ec\/wp-content\/uploads\/2014\/08\/muni.jpg 400w\" sizes=\"(max-width: 300px) 100vw, 300px\" \/><\/a>La Asociaci\u00f3n de Municipalidades del Ecuador y el Registro Civil firmaron un convenio que tiene como finalidad establecer mecanismos de cooperaci\u00f3n para que los Gobiernos Aut\u00f3nomos Descentralizados (GAD) accedan a una plataforma de servicios web. La firma del compromiso se realiz\u00f3 en Milagro y la realizaron el presidente de AME, Daniel Avecilla; y el director nacional del Registro Civil, Jorge Troya.<\/p>\n<p>El acuerdo tambi\u00e9n permitir\u00e1 a las entidades ingresar al sistema de verificaci\u00f3n de identidad biom\u00e9trica y a la emisi\u00f3n de certificados digitales de datos de identidad.<\/p>\n<p>Para este \u00faltimo archivo digital, los municipios acceder\u00e1n a la base de datos del Registro Civil e incluir\u00e1: datos completos de c\u00e9dula, informaci\u00f3n del Consejo Nacional Electoral (CNE), informaci\u00f3n del Consejo Nacional de Igualdad de Discapacidades (Conadis).<\/p>\n<p>\u00abEsto permite generar un certificado digital que est\u00e1 orientado a reemplazar a la copia de la c\u00e9dula\u00bb, indic\u00f3 \u00d3scar Moyano, coordinador de Investigaci\u00f3n y Desarrollo del Registro Civil, quien socializ\u00f3 el tema con los alcaldes de Milagro, Marcelino Maridue\u00f1a, Naranjito y Bucay.<\/p>\n<p>Las herramientas electr\u00f3nicas facilitadas a los cabildos permitir\u00e1 el ahorro de papel, pues ya no ser\u00e1n necesarias las copias de la c\u00e9dula y del certificado de votaci\u00f3n para tr\u00e1mites en los municipios. Adem\u00e1s se evita que los documentos f\u00edsicos terminen arrumados en una bodega o sean desechados.<\/p>\n<p>Moyano dijo que el nuevo proceso ofrecer\u00e1 otros beneficios a los cabildos, como una mayor confiabilidad de los datos y disminuir\u00e1 el riesgo de entrega de documentos para fines de adulteraci\u00f3n. ATR<\/p>\n","protected":false},"excerpt":{"rendered":"<p>La Asociaci\u00f3n de Municipalidades del Ecuador y el Registro Civil firmaron un convenio que tiene como finalidad establecer mecanismos de<\/p>\n","protected":false},"author":1,"featured_media":0,"comment_status":"open","ping_status":"open","sticky":false,"template":"","format":"standard","meta":{"footnotes":""},"categories":[11,1],"tags":[],"_links":{"self":[{"href":"https:\/\/www.ecuadoraldia.com.ec\/index.php?rest_route=\/wp\/v2\/posts\/4536"}],"collection":[{"href":"https:\/\/www.ecuadoraldia.com.ec\/index.php?rest_route=\/wp\/v2\/posts"}],"about":[{"href":"https:\/\/www.ecuadoraldia.com.ec\/index.php?rest_route=\/wp\/v2\/types\/post"}],"author":[{"embeddable":true,"href":"https:\/\/www.ecuadoraldia.com.ec\/index.php?rest_route=\/wp\/v2\/users\/1"}],"replies":[{"embeddable":true,"href":"https:\/\/www.ecuadoraldia.com.ec\/index.php?rest_route=%2Fwp%2Fv2%2Fcomments&post=4536"}],"version-history":[{"count":1,"href":"https:\/\/www.ecuadoraldia.com.ec\/index.php?rest_route=\/wp\/v2\/posts\/4536\/revisions"}],"predecessor-version":[{"id":4538,"href":"https:\/\/www.ecuadoraldia.com.ec\/index.php?rest_route=\/wp\/v2\/posts\/4536\/revisions\/4538"}],"wp:attachment":[{"href":"https:\/\/www.ecuadoraldia.com.ec\/index.php?rest_route=%2Fwp%2Fv2%2Fmedia&parent=4536"}],"wp:term":[{"taxonomy":"category","embeddable":true,"href":"https:\/\/www.ecuadoraldia.com.ec\/index.php?rest_route=%2Fwp%2Fv2%2Fcategories&post=4536"},{"taxonomy":"post_tag","embeddable":true,"href":"https:\/\/www.ecuadoraldia.com.ec\/index.php?rest_route=%2Fwp%2Fv2%2Ftags&post=4536"}],"curies":[{"name":"wp","href":"https:\/\/api.w.org\/{rel}","templated":true}]}}