{"id":4539,"date":"2014-08-22T19:53:56","date_gmt":"2014-08-22T19:53:56","guid":{"rendered":"http:\/\/www.ecuadoraldia.com.ec\/?p=4539"},"modified":"2014-08-22T19:53:56","modified_gmt":"2014-08-22T19:53:56","slug":"criminalistica-de-colombia-entrega-a-fiscalia-ecuatoriana-evidencias-del-30-s","status":"publish","type":"post","link":"https:\/\/www.ecuadoraldia.com.ec\/?p=4539","title":{"rendered":"Criminal\u00edstica de Colombia entrega a fiscal\u00eda ecuatoriana evidencias  del 30-S"},"content":{"rendered":"<p><a href=\"http:\/\/www.ecuadoraldia.com.ec\/wp-content\/uploads\/2014\/08\/30sep.jpg\"><img loading=\"lazy\" decoding=\"async\" class=\"alignleft size-medium wp-image-4540\" src=\"http:\/\/www.ecuadoraldia.com.ec\/wp-content\/uploads\/2014\/08\/30sep-300x198.jpg\" alt=\"30sep\" width=\"300\" height=\"198\" srcset=\"https:\/\/www.ecuadoraldia.com.ec\/wp-content\/uploads\/2014\/08\/30sep-300x198.jpg 300w, https:\/\/www.ecuadoraldia.com.ec\/wp-content\/uploads\/2014\/08\/30sep.jpg 400w\" sizes=\"(max-width: 300px) 100vw, 300px\" \/><\/a>El Departamento de Criminal\u00edstica de Colombia entreg\u00f3 el informe final de las pericias relacionadas con los hechos ocurridos, el 30 de septiembre de 2010 (30-S), en Ecuador.<\/p>\n<p>El fiscal General del Estado, Galo Chiriboga Zambrano, requiri\u00f3 la intervenci\u00f3n internacional con el fin de obtener datos imparciales que revelen los indicios de responsabilidad de los implicados en los casos del 30-S.<\/p>\n<p>Una delegaci\u00f3n de la Fiscal\u00eda General del Estado fue enviada a Bogot\u00e1 para cumplir con la Asistencia Penal Internacional acordada con los expertos del vecino pa\u00eds.<\/p>\n<p>El fiscal Fabi\u00e1n Salazar, quien preside la delegaci\u00f3n, indic\u00f3 que las pericias ser\u00e1n llevadas en esta semana a Ecuador para incluirlas en los diferentes casos del 30-S y as\u00ed continuar con los procesos iniciados seg\u00fan corresponda.<\/p>\n<p>El informe realizado por Criminal\u00edstica de Colombia comprende la fijaci\u00f3n y reconocimiento de evidencias, an\u00e1lisis bal\u00edsticos, experticias de audio y video y pericias morfol\u00f3gicas.<\/p>\n<p>Los peritos, quienes realizaron este an\u00e1lisis durante 40 d\u00edas, fueron previamente acreditados por el Consejo de la Judicatura para cumplir con este proceso.\/ Fiscal\u00eda<\/p>\n","protected":false},"excerpt":{"rendered":"<p>El Departamento de Criminal\u00edstica de Colombia entreg\u00f3 el informe final de las pericias relacionadas con los hechos ocurridos, el 30<\/p>\n","protected":false},"author":1,"featured_media":0,"comment_status":"open","ping_status":"open","sticky":false,"template":"","format":"standard","meta":{"footnotes":""},"categories":[1],"tags":[],"_links":{"self":[{"href":"https:\/\/www.ecuadoraldia.com.ec\/index.php?rest_route=\/wp\/v2\/posts\/4539"}],"collection":[{"href":"https:\/\/www.ecuadoraldia.com.ec\/index.php?rest_route=\/wp\/v2\/posts"}],"about":[{"href":"https:\/\/www.ecuadoraldia.com.ec\/index.php?rest_route=\/wp\/v2\/types\/post"}],"author":[{"embeddable":true,"href":"https:\/\/www.ecuadoraldia.com.ec\/index.php?rest_route=\/wp\/v2\/users\/1"}],"replies":[{"embeddable":true,"href":"https:\/\/www.ecuadoraldia.com.ec\/index.php?rest_route=%2Fwp%2Fv2%2Fcomments&post=4539"}],"version-history":[{"count":1,"href":"https:\/\/www.ecuadoraldia.com.ec\/index.php?rest_route=\/wp\/v2\/posts\/4539\/revisions"}],"predecessor-version":[{"id":4541,"href":"https:\/\/www.ecuadoraldia.com.ec\/index.php?rest_route=\/wp\/v2\/posts\/4539\/revisions\/4541"}],"wp:attachment":[{"href":"https:\/\/www.ecuadoraldia.com.ec\/index.php?rest_route=%2Fwp%2Fv2%2Fmedia&parent=4539"}],"wp:term":[{"taxonomy":"category","embeddable":true,"href":"https:\/\/www.ecuadoraldia.com.ec\/index.php?rest_route=%2Fwp%2Fv2%2Fcategories&post=4539"},{"taxonomy":"post_tag","embeddable":true,"href":"https:\/\/www.ecuadoraldia.com.ec\/index.php?rest_route=%2Fwp%2Fv2%2Ftags&post=4539"}],"curies":[{"name":"wp","href":"https:\/\/api.w.org\/{rel}","templated":true}]}}