{"id":4542,"date":"2014-08-22T19:58:51","date_gmt":"2014-08-22T19:58:51","guid":{"rendered":"http:\/\/www.ecuadoraldia.com.ec\/?p=4542"},"modified":"2014-08-22T19:59:28","modified_gmt":"2014-08-22T19:59:28","slug":"gobierno-invierte-623-millones-de-dolares-para-inicio-de-clases-en-sierra-y-amazonia","status":"publish","type":"post","link":"https:\/\/www.ecuadoraldia.com.ec\/?p=4542","title":{"rendered":"Gobierno  invierte 62,3 millones de d\u00f3lares para inicio de clases en Sierra y Amazon\u00eda."},"content":{"rendered":"<p><a href=\"http:\/\/www.ecuadoraldia.com.ec\/wp-content\/uploads\/2014\/08\/clases.jpg\"><img loading=\"lazy\" decoding=\"async\" class=\"alignleft size-medium wp-image-4543\" src=\"http:\/\/www.ecuadoraldia.com.ec\/wp-content\/uploads\/2014\/08\/clases-300x157.jpg\" alt=\"clases\" width=\"300\" height=\"157\" srcset=\"https:\/\/www.ecuadoraldia.com.ec\/wp-content\/uploads\/2014\/08\/clases-300x157.jpg 300w, https:\/\/www.ecuadoraldia.com.ec\/wp-content\/uploads\/2014\/08\/clases.jpg 630w\" sizes=\"(max-width: 300px) 100vw, 300px\" \/><\/a>A partir del 25 de agosto, el Estado entregar\u00e1 uniformes y textos escolares a los estudiantes del sistema educativo p\u00fablico para el a\u00f1o lectivo 2014-2015 del ciclo Sierra y Amazonia, con una inversi\u00f3n de 39,3 millones de d\u00f3lares, inform\u00f3 este jueves el ministerio de Educaci\u00f3n.<\/p>\n<p>Esa cartera de Estado tambi\u00e9n destin\u00f3 23 millones de d\u00f3lares al equipamiento de pupitres a diversas entidades educativas, con lo que el monto total asciende a 62,3 millones de inversi\u00f3n, indic\u00f3 en un comunicado.<\/p>\n<p>A escala nacional, el ministerio de Educaci\u00f3n entregar\u00e1 paquetes (kits) de textos escolares a instituciones fiscales, fiscomisionales y municipales a 2\u2019100.000 estudiantes de primero a d\u00e9cimo grados de Educaci\u00f3n General B\u00e1sica (EGB) y a Bachillerato, con sus respectivas gu\u00edas para docentes, lo que representa un costo de 14 millones de d\u00f3lares.<\/p>\n<p>Asimismo, gracias a una inversi\u00f3n de 25,3 millones distribuir\u00e1 kits de uniformes escolares a 831.000 estudiantes, confeccionados por el sector productivo artesanal y por peque\u00f1os empresarios.<\/p>\n<p>Los uniformes se entregar\u00e1n a estudiantes de instituciones de Educaci\u00f3n Inicial de las zonas urbanas y rurales, mientras que a los de Educaci\u00f3n General B\u00e1sica la entrega ser\u00e1 solo en zonas rurales. Adem\u00e1s, en las provincias de la Amazonia se entregar\u00e1n los uniformes a los estudiantes de zonas urbanas, rurales y a estudiantes en todos sus niveles de las Unidades Educativas del Milenio.<\/p>\n<p>A trav\u00e9s de las subsecretar\u00edas de Educaci\u00f3n de Quito y de Administraci\u00f3n Escolar, estos recursos comenzaron a destinarse el mi\u00e9rcoles en la Unidad Educativa Mar\u00eda Ang\u00e9lica Idrobo.<\/p>\n<p>\u201cBuscamos que nuestros ni\u00f1os, ni\u00f1as y j\u00f3venes sean los actores del proceso educativo\u201d, dijo el subsecretario Dean Torres, quien manifest\u00f3 que la entrega obedece al esfuerzo del gobierno nacional para garantizar la gratuidad en la educaci\u00f3n fiscal. \u00a0Andes-ecuadoraldia.com.ec<\/p>\n","protected":false},"excerpt":{"rendered":"<p>A partir del 25 de agosto, el Estado entregar\u00e1 uniformes y textos escolares a los estudiantes del sistema educativo p\u00fablico<\/p>\n","protected":false},"author":1,"featured_media":0,"comment_status":"open","ping_status":"open","sticky":false,"template":"","format":"standard","meta":{"footnotes":""},"categories":[4],"tags":[],"_links":{"self":[{"href":"https:\/\/www.ecuadoraldia.com.ec\/index.php?rest_route=\/wp\/v2\/posts\/4542"}],"collection":[{"href":"https:\/\/www.ecuadoraldia.com.ec\/index.php?rest_route=\/wp\/v2\/posts"}],"about":[{"href":"https:\/\/www.ecuadoraldia.com.ec\/index.php?rest_route=\/wp\/v2\/types\/post"}],"author":[{"embeddable":true,"href":"https:\/\/www.ecuadoraldia.com.ec\/index.php?rest_route=\/wp\/v2\/users\/1"}],"replies":[{"embeddable":true,"href":"https:\/\/www.ecuadoraldia.com.ec\/index.php?rest_route=%2Fwp%2Fv2%2Fcomments&post=4542"}],"version-history":[{"count":2,"href":"https:\/\/www.ecuadoraldia.com.ec\/index.php?rest_route=\/wp\/v2\/posts\/4542\/revisions"}],"predecessor-version":[{"id":4545,"href":"https:\/\/www.ecuadoraldia.com.ec\/index.php?rest_route=\/wp\/v2\/posts\/4542\/revisions\/4545"}],"wp:attachment":[{"href":"https:\/\/www.ecuadoraldia.com.ec\/index.php?rest_route=%2Fwp%2Fv2%2Fmedia&parent=4542"}],"wp:term":[{"taxonomy":"category","embeddable":true,"href":"https:\/\/www.ecuadoraldia.com.ec\/index.php?rest_route=%2Fwp%2Fv2%2Fcategories&post=4542"},{"taxonomy":"post_tag","embeddable":true,"href":"https:\/\/www.ecuadoraldia.com.ec\/index.php?rest_route=%2Fwp%2Fv2%2Ftags&post=4542"}],"curies":[{"name":"wp","href":"https:\/\/api.w.org\/{rel}","templated":true}]}}