{"id":4546,"date":"2014-08-22T20:02:10","date_gmt":"2014-08-22T20:02:10","guid":{"rendered":"http:\/\/www.ecuadoraldia.com.ec\/?p=4546"},"modified":"2014-08-22T20:03:24","modified_gmt":"2014-08-22T20:03:24","slug":"ecuador-tuvo-el-mayor-progreso-en-seguridad-en-america-latina-entre-2009-y-2013","status":"publish","type":"post","link":"https:\/\/www.ecuadoraldia.com.ec\/?p=4546","title":{"rendered":"Ecuador tuvo el mayor progreso en seguridad en Am\u00e9rica Latina entre 2009 y 2013"},"content":{"rendered":"<p><a href=\"http:\/\/www.ecuadoraldia.com.ec\/wp-content\/uploads\/2014\/08\/visita-ecu.jpg\"><img loading=\"lazy\" decoding=\"async\" class=\"alignleft size-medium wp-image-4550\" src=\"http:\/\/www.ecuadoraldia.com.ec\/wp-content\/uploads\/2014\/08\/visita-ecu-300x170.jpg\" alt=\"visita-ecu\" width=\"300\" height=\"170\" srcset=\"https:\/\/www.ecuadoraldia.com.ec\/wp-content\/uploads\/2014\/08\/visita-ecu-300x170.jpg 300w, https:\/\/www.ecuadoraldia.com.ec\/wp-content\/uploads\/2014\/08\/visita-ecu.jpg 405w\" sizes=\"(max-width: 300px) 100vw, 300px\" \/><\/a>Ecuador fue el pa\u00eds de Am\u00e9rica Latina que m\u00e1s progresos tuvo en materia de seguridad desde 2009, seg\u00fan un estudio de la encuestadora privada Gallup, consistente con las estad\u00edsticas oficiales que dan cuenta de una disminuci\u00f3n de los delitos de mayor impacto como el homicidio que se encuentra en el nivel m\u00e1s bajo desde el a\u00f1o 2000.<\/p>\n<p>\u201cEl salto m\u00e1s grande lo hizo Ecuador, donde los tres indicadores (n\u00famero de robos, percepci\u00f3n de seguridad y confianza en la polic\u00eda) mejoraron considerablemente\u201d, destac\u00f3 el informe fechado este viernes en Washington y que abarca el periodo 2009-2013.<\/p>\n<p>El reporte ubica a Ecuador en el cuarto lugar en un ranking de 21 pa\u00edses latinoamericanos detr\u00e1s de Nicaragua, Panam\u00e1 y Chile, y por encima de Uruguay. El pa\u00eds andino obtuvo una calificaci\u00f3n de 63 puntos sobre 100, subiendo su registro en 14 unidades con respecto a la medici\u00f3n de 2009, el avance m\u00e1s significativo dentro de todos los evaluados.<\/p>\n<p>Gallup recuerda que seg\u00fan el presidente socialista Rafael Correa, en el poder desde 2007, este \u201c\u00e9xito se debe al control de armas, la independencia jur\u00eddica y una campa\u00f1a que refuerza la captura de los criminales m\u00e1s buscados\u201d, que suman dos centenares desde 2011 hasta la actualidad.<\/p>\n<p>La investigaci\u00f3n, publicada en el sitio web de Gallup, se basa en entrevistas telef\u00f3nicas y cara a cara a 1.000 personas mayores de quince a\u00f1os en cada pa\u00eds, y tiene una confiabilidad del 95%.<\/p>\n<p>Los logros de Ecuador se produjeron en un contexto de creciente percepci\u00f3n de inseguridad en la mayor\u00eda de pa\u00edses de la regi\u00f3n, destac\u00f3 el estudio que funda sus mediciones en la \u201cconfianza a la entidad policial, seguridad personal e incidencias de robo\u201d.<\/p>\n<p>La tasa de homicidios en el pa\u00eds se redujo a 10,87 por cada 100.000 habitantes en 2013 frente al 18,88% en 2008, y al 16,99% del 2000, seg\u00fan el Gobierno, que prev\u00e9 que Ecuador bajar\u00e1 esa media a un d\u00edgito en 2014. El \u00edndice de asesinatos del a\u00f1o pasado fue el m\u00e1s bajo desde el 2000.<\/p>\n<p>Uno de los factores de la reducci\u00f3n de homicidios es la inversi\u00f3n en seguridad, que creci\u00f3 ocho veces durante el gobierno de Correa, con respecto a las tres administraciones anteriores, llegando a 2.674 millones de d\u00f3lares en abril pasado. Para 2014 est\u00e1 prevista una inversi\u00f3n de 539 millones de d\u00f3lares.<\/p>\n<p>Esos recursos se han orientado a una mayor capacitaci\u00f3n policial, nuevas unidades de polic\u00eda comunitaria (UPC), en las que se invirtieron 163,4 millones de d\u00f3lares entre 2011-2013 y a una mejora salarial de esos cuerpos que ocupan el segundo lugar entre los mejor pagados de la regi\u00f3n.<\/p>\n<p>Adem\u00e1s, el gobierno del presidente Correa mejor\u00f3 el equipamiento de las Fuerzas Armadas mediante la compra de aviones, helic\u00f3pteros, repotenciaci\u00f3n de submarinos, y en 2011 impuls\u00f3 una consulta popular destinada a implementar medidas para mejorar la seguridad ciudadana y la administraci\u00f3n de justicia.<\/p>\n<p>Hasta agosto pasado, las cortes ecuatorianas ejecutaron 2.000 sentencias por asesinato y violaci\u00f3n, de acuerdo con el Ministerio del Interior.<\/p>\n","protected":false},"excerpt":{"rendered":"<p>Ecuador fue el pa\u00eds de Am\u00e9rica Latina que m\u00e1s progresos tuvo en materia de seguridad desde 2009, seg\u00fan un estudio<\/p>\n","protected":false},"author":1,"featured_media":0,"comment_status":"open","ping_status":"open","sticky":false,"template":"","format":"standard","meta":{"footnotes":""},"categories":[3],"tags":[],"_links":{"self":[{"href":"https:\/\/www.ecuadoraldia.com.ec\/index.php?rest_route=\/wp\/v2\/posts\/4546"}],"collection":[{"href":"https:\/\/www.ecuadoraldia.com.ec\/index.php?rest_route=\/wp\/v2\/posts"}],"about":[{"href":"https:\/\/www.ecuadoraldia.com.ec\/index.php?rest_route=\/wp\/v2\/types\/post"}],"author":[{"embeddable":true,"href":"https:\/\/www.ecuadoraldia.com.ec\/index.php?rest_route=\/wp\/v2\/users\/1"}],"replies":[{"embeddable":true,"href":"https:\/\/www.ecuadoraldia.com.ec\/index.php?rest_route=%2Fwp%2Fv2%2Fcomments&post=4546"}],"version-history":[{"count":3,"href":"https:\/\/www.ecuadoraldia.com.ec\/index.php?rest_route=\/wp\/v2\/posts\/4546\/revisions"}],"predecessor-version":[{"id":4551,"href":"https:\/\/www.ecuadoraldia.com.ec\/index.php?rest_route=\/wp\/v2\/posts\/4546\/revisions\/4551"}],"wp:attachment":[{"href":"https:\/\/www.ecuadoraldia.com.ec\/index.php?rest_route=%2Fwp%2Fv2%2Fmedia&parent=4546"}],"wp:term":[{"taxonomy":"category","embeddable":true,"href":"https:\/\/www.ecuadoraldia.com.ec\/index.php?rest_route=%2Fwp%2Fv2%2Fcategories&post=4546"},{"taxonomy":"post_tag","embeddable":true,"href":"https:\/\/www.ecuadoraldia.com.ec\/index.php?rest_route=%2Fwp%2Fv2%2Ftags&post=4546"}],"curies":[{"name":"wp","href":"https:\/\/api.w.org\/{rel}","templated":true}]}}