{"id":4552,"date":"2014-08-23T16:40:06","date_gmt":"2014-08-23T16:40:06","guid":{"rendered":"http:\/\/www.ecuadoraldia.com.ec\/?p=4552"},"modified":"2014-08-23T16:40:06","modified_gmt":"2014-08-23T16:40:06","slug":"presidente-reitera-redistribucion-de-utilidades-de-operadoras-moviles","status":"publish","type":"post","link":"https:\/\/www.ecuadoraldia.com.ec\/?p=4552","title":{"rendered":"Presidente reitera redistribuci\u00f3n de utilidades de Operadoras M\u00f3viles"},"content":{"rendered":"<p><a href=\"http:\/\/www.ecuadoraldia.com.ec\/wp-content\/uploads\/2014\/08\/enlace-ciu1.jpg\"><img loading=\"lazy\" decoding=\"async\" class=\"alignleft size-medium wp-image-4553\" src=\"http:\/\/www.ecuadoraldia.com.ec\/wp-content\/uploads\/2014\/08\/enlace-ciu1-300x205.jpg\" alt=\"enlace-ciu1\" width=\"300\" height=\"205\" srcset=\"https:\/\/www.ecuadoraldia.com.ec\/wp-content\/uploads\/2014\/08\/enlace-ciu1-300x205.jpg 300w, https:\/\/www.ecuadoraldia.com.ec\/wp-content\/uploads\/2014\/08\/enlace-ciu1.jpg 427w\" sizes=\"(max-width: 300px) 100vw, 300px\" \/><\/a>Quito. Durante su enlace sabatino n\u00famero 387, el Presidente Rafael Correa, reiter\u00f3 su posici\u00f3n de redistribuir las utilidades de los trabajadores de las telef\u00f3nicas Am\u00e9rica m\u00f3vil (Claro) y (Telef\u00f3nica) Movi, que operan en el Pa\u00eds. El mandatario, enfatiz\u00f3 que la intenci\u00f3n es destinar la mayor parte de esos recursos a inversiones sociales a nivel nacional<\/p>\n<p>Para el mandatario, no es correcto que 4 500 familias obtengan ganancias con un recurso, que es de todos loa ecuatoriano, como es el espectro radioel\u00e9ctrico, dijo.<\/p>\n<p>Indic\u00f3 que las reformar la Ley de Telecomunicaciones permitir\u00e1 que el estado sea part\u00edcipe del 12% de las utilidades de las operadoras y el 3 % a los trabajadores, en lugar de entregar el 15% como establece la legislaci\u00f3n actual.<\/p>\n<p>Seg\u00fan el gobernante, con la normativa actual, 4.500 familias ecuatorianas perciben utilidades por 130 millones de d\u00f3lares, mientras que con el reparto que plantea el proyecto legislativo se har\u00e1 \u201cjusticia social\u201d.<\/p>\n<p>\u201cUna cosa es un derecho, otra cosa es cuando se cae en el exceso\u201d, dijo el jefe del Estado durante su informe de labores. Explic\u00f3 que con la distribuci\u00f3n actual, de los 130 millones de d\u00f3lares de utilidades generadas, los trabajadores perciben un promedio de cerca de 30.000 d\u00f3lares, mientras que con la f\u00f3rmula que se propone el promedio ser\u00e1 de entre 6.000 y 7.000 d\u00f3lares por familia.<\/p>\n<p>\u201cEl problema est\u00e1 sobre todo en Claro\u201d, la multinacional perteneciente a Am\u00e9rica M\u00f3vil, del magnate mexicano Carlos Slim, donde \u201chay gente que recibe 70.000 d\u00f3lares en utilidades\u201d, mientras que Movistar, de la espa\u00f1ola Telef\u00f3nica, paga \u201cmejores sueldos\u201d y entrega utilidades de unos 13.000 d\u00f3lares en promedio.<\/p>\n<p>La distribuci\u00f3n de utilidades que impulsa el Ejecutivo permitir\u00e1 al Estado disponer de 100 millones de d\u00f3lares para construir, por ejemplo, m\u00e1s de 4.000 laboratorios de internet al a\u00f1o y suministrar acceso a la red a tres millones de estudiantes o poner en marcha 5.000 \u201cinfocentros\u201d para que todas las comunidades del pa\u00eds dispongan de conexi\u00f3n de banda ancha, defendi\u00f3 el gobernante, durante el enlace Ciudadano difundido desde Llano Grande, nororiente de Quito.<\/p>\n<p>Sobre el Fondo de Cesant\u00eda del Magisterio, se\u00f1al\u00f3 que si bien el estado no tiene mayor participaci\u00f3n en cuanto a recursos, los beneficiarios podr\u00e1n decidir si sus recursos continuan siendo administrados por esas empertsas o pasan a ser administrados por el banco del Instituto Ecuatoriano de seguridad Social, BIESS; pero en el caso donde el estado si tiene participaci\u00f3n esos dineros ser\u00e1n devueltos en su totalidad al Estado.<\/p>\n","protected":false},"excerpt":{"rendered":"<p>Quito. Durante su enlace sabatino n\u00famero 387, el Presidente Rafael Correa, reiter\u00f3 su posici\u00f3n de redistribuir las utilidades de los<\/p>\n","protected":false},"author":1,"featured_media":0,"comment_status":"open","ping_status":"open","sticky":false,"template":"","format":"standard","meta":{"footnotes":""},"categories":[1],"tags":[],"_links":{"self":[{"href":"https:\/\/www.ecuadoraldia.com.ec\/index.php?rest_route=\/wp\/v2\/posts\/4552"}],"collection":[{"href":"https:\/\/www.ecuadoraldia.com.ec\/index.php?rest_route=\/wp\/v2\/posts"}],"about":[{"href":"https:\/\/www.ecuadoraldia.com.ec\/index.php?rest_route=\/wp\/v2\/types\/post"}],"author":[{"embeddable":true,"href":"https:\/\/www.ecuadoraldia.com.ec\/index.php?rest_route=\/wp\/v2\/users\/1"}],"replies":[{"embeddable":true,"href":"https:\/\/www.ecuadoraldia.com.ec\/index.php?rest_route=%2Fwp%2Fv2%2Fcomments&post=4552"}],"version-history":[{"count":1,"href":"https:\/\/www.ecuadoraldia.com.ec\/index.php?rest_route=\/wp\/v2\/posts\/4552\/revisions"}],"predecessor-version":[{"id":4554,"href":"https:\/\/www.ecuadoraldia.com.ec\/index.php?rest_route=\/wp\/v2\/posts\/4552\/revisions\/4554"}],"wp:attachment":[{"href":"https:\/\/www.ecuadoraldia.com.ec\/index.php?rest_route=%2Fwp%2Fv2%2Fmedia&parent=4552"}],"wp:term":[{"taxonomy":"category","embeddable":true,"href":"https:\/\/www.ecuadoraldia.com.ec\/index.php?rest_route=%2Fwp%2Fv2%2Fcategories&post=4552"},{"taxonomy":"post_tag","embeddable":true,"href":"https:\/\/www.ecuadoraldia.com.ec\/index.php?rest_route=%2Fwp%2Fv2%2Ftags&post=4552"}],"curies":[{"name":"wp","href":"https:\/\/api.w.org\/{rel}","templated":true}]}}