{"id":4555,"date":"2014-08-23T16:45:19","date_gmt":"2014-08-23T16:45:19","guid":{"rendered":"http:\/\/www.ecuadoraldia.com.ec\/?p=4555"},"modified":"2014-08-23T16:45:19","modified_gmt":"2014-08-23T16:45:19","slug":"esquipulas-en-materia-economica-hay-muchas-cuestiones-que-nos-hacen-voltear-el-rostro-hacia-el-ecuador","status":"publish","type":"post","link":"https:\/\/www.ecuadoraldia.com.ec\/?p=4555","title":{"rendered":"Esquipulas: En materia econ\u00f3mica hay muchas cuestiones que nos hacen voltear el rostro hacia el Ecuador"},"content":{"rendered":"<p><a href=\"http:\/\/www.ecuadoraldia.com.ec\/wp-content\/uploads\/2014\/08\/oli.jpeg\"><img loading=\"lazy\" decoding=\"async\" class=\"alignleft size-full wp-image-4556\" src=\"http:\/\/www.ecuadoraldia.com.ec\/wp-content\/uploads\/2014\/08\/oli.jpeg\" alt=\"oli\" width=\"292\" height=\"292\" srcset=\"https:\/\/www.ecuadoraldia.com.ec\/wp-content\/uploads\/2014\/08\/oli.jpeg 292w, https:\/\/www.ecuadoraldia.com.ec\/wp-content\/uploads\/2014\/08\/oli-150x150.jpeg 150w\" sizes=\"(max-width: 292px) 100vw, 292px\" \/><\/a>Guatemala.- Durante los \u00faltimos a\u00f1os el proceso de cambio que vive el Ecuador, en materia econ\u00f3mica, ha provocado que pa\u00edses de todo el mundo giren su mirada hacia el pa\u00eds. La inversi\u00f3n en educaci\u00f3n es un punto que la activista y directora de la Fundaci\u00f3n Esquipulas, Olinga Salguero, destaca del proceso ecuatoriano.<\/p>\n<p>\u201cHay muchas cuestiones que nos hacen voltear el rostro hacia el Ecuador en materia econ\u00f3mica (\u2026) En un tiempo relativamente corto, los indicadores sociales y la educaci\u00f3n han aumentado dr\u00e1sticamente\u201d, afirm\u00f3.<\/p>\n<p>La inversi\u00f3n en el \u00e1mbito educativo que ha realizado el gobierno de la Revoluci\u00f3n Ciudadana fue destacada por la activista, quien resalt\u00f3 \u201cla l\u00ednea que se tiene en el programa educativo, pero tambi\u00e9n la construcci\u00f3n de infraestructura con un esquema fiscal que tambi\u00e9n ha ido en aumento\u201d.<\/p>\n<p>La inversi\u00f3n para el mejoramiento de la educaci\u00f3n ha sido uno de los pilares del gobierno de la Revoluci\u00f3n Ciudadana, que en los \u00faltimos a\u00f1os se han construido unidades del milenio en varios puntos del pa\u00eds y se han fomentado los programas educativos y de capacitaci\u00f3n profesional.<\/p>\n<p>La inversi\u00f3n en educaci\u00f3n no obedece \u00fanicamente a los recursos naturales, sino a los tratados que mantiene el pa\u00eds. \u201cEl Ecuador no tiene tratados de libre comercio, sino tratados de complementaci\u00f3n econ\u00f3mica, que ayuda al desarrollo local, sin cerrar fronteras\u201d, destac\u00f3.<\/p>\n<p>La presidenta del V Foro Regional Esquipulas destac\u00f3 que en este encuentro, que se llevar\u00e1 a cabo hoy, 19 de agosto, en Ciudad de Guatemala, busca crear una agenda de propuestas para el desarrollo de la regi\u00f3n. \/ El Ciudadano<\/p>\n","protected":false},"excerpt":{"rendered":"<p>Guatemala.- Durante los \u00faltimos a\u00f1os el proceso de cambio que vive el Ecuador, en materia econ\u00f3mica, ha provocado que pa\u00edses<\/p>\n","protected":false},"author":1,"featured_media":0,"comment_status":"open","ping_status":"open","sticky":false,"template":"","format":"standard","meta":{"footnotes":""},"categories":[7],"tags":[],"_links":{"self":[{"href":"https:\/\/www.ecuadoraldia.com.ec\/index.php?rest_route=\/wp\/v2\/posts\/4555"}],"collection":[{"href":"https:\/\/www.ecuadoraldia.com.ec\/index.php?rest_route=\/wp\/v2\/posts"}],"about":[{"href":"https:\/\/www.ecuadoraldia.com.ec\/index.php?rest_route=\/wp\/v2\/types\/post"}],"author":[{"embeddable":true,"href":"https:\/\/www.ecuadoraldia.com.ec\/index.php?rest_route=\/wp\/v2\/users\/1"}],"replies":[{"embeddable":true,"href":"https:\/\/www.ecuadoraldia.com.ec\/index.php?rest_route=%2Fwp%2Fv2%2Fcomments&post=4555"}],"version-history":[{"count":1,"href":"https:\/\/www.ecuadoraldia.com.ec\/index.php?rest_route=\/wp\/v2\/posts\/4555\/revisions"}],"predecessor-version":[{"id":4557,"href":"https:\/\/www.ecuadoraldia.com.ec\/index.php?rest_route=\/wp\/v2\/posts\/4555\/revisions\/4557"}],"wp:attachment":[{"href":"https:\/\/www.ecuadoraldia.com.ec\/index.php?rest_route=%2Fwp%2Fv2%2Fmedia&parent=4555"}],"wp:term":[{"taxonomy":"category","embeddable":true,"href":"https:\/\/www.ecuadoraldia.com.ec\/index.php?rest_route=%2Fwp%2Fv2%2Fcategories&post=4555"},{"taxonomy":"post_tag","embeddable":true,"href":"https:\/\/www.ecuadoraldia.com.ec\/index.php?rest_route=%2Fwp%2Fv2%2Ftags&post=4555"}],"curies":[{"name":"wp","href":"https:\/\/api.w.org\/{rel}","templated":true}]}}