{"id":4559,"date":"2014-08-23T18:44:15","date_gmt":"2014-08-23T18:44:15","guid":{"rendered":"http:\/\/www.ecuadoraldia.com.ec\/?p=4559"},"modified":"2014-08-23T18:44:15","modified_gmt":"2014-08-23T18:44:15","slug":"top-gun-caza-chino-rozo-peligrosamente-a-un-avion-militar-de-ee-uu-segun-el-pentagono","status":"publish","type":"post","link":"https:\/\/www.ecuadoraldia.com.ec\/?p=4559","title":{"rendered":"&#8216;Top Gun&#8217;: Caza chino \u00abroz\u00f3 peligrosamente a un avi\u00f3n militar de EE.UU.\u00bb, seg\u00fan el Pent\u00e1gono"},"content":{"rendered":"<p><a href=\"http:\/\/www.ecuadoraldia.com.ec\/wp-content\/uploads\/2014\/08\/cazachino.jpg\"><img loading=\"lazy\" decoding=\"async\" class=\"alignleft size-medium wp-image-4560\" src=\"http:\/\/www.ecuadoraldia.com.ec\/wp-content\/uploads\/2014\/08\/cazachino-300x197.jpg\" alt=\"cazachino\" width=\"300\" height=\"197\" srcset=\"https:\/\/www.ecuadoraldia.com.ec\/wp-content\/uploads\/2014\/08\/cazachino-300x197.jpg 300w, https:\/\/www.ecuadoraldia.com.ec\/wp-content\/uploads\/2014\/08\/cazachino.jpg 910w\" sizes=\"(max-width: 300px) 100vw, 300px\" \/><\/a>\u00abEl 19 de agosto, un avi\u00f3n de combate chino armado llev\u00f3 a cabo una intersecci\u00f3n peligrosa de un avi\u00f3n patrulla P-8 Poseidon de la Armada que estaba en una misi\u00f3n de rutina\u00bb, explic\u00f3 el portavoz del Pent\u00e1gono, John Kirby, en una rueda de prensa.<\/p>\n<p>Seg\u00fan Kirby, el caza chino pas\u00f3 por debajo del P-8 Poseidon en tres ocasiones y las aeronaves llegaron a estar \u00aba unos nueve metros de distancia\u00bb, lo cual, recalc\u00f3, \u00abes muy peligroso\u00bb.<\/p>\n<p>En otra ocasi\u00f3n, agreg\u00f3, el piloto chino efectu\u00f3 otra maniobra por encima del aparato estadounidense y se acerc\u00f3 de manera perpendicular con la intenci\u00f3n de \u00abexhibir sus armas\u00bb, cita la agencia Reuters.<\/p>\n<p>Kirby calific\u00f3 las maniobras de \u00abbastante agresivas\u00bb.<\/p>\n<p>\u00abEsto es obviamente una provocaci\u00f3n profundamente preocupante y hemos comunicado directamente al Gobierno chino nuestra objeci\u00f3n a este tipo de acciones\u00bb, se\u00f1al\u00f3 por su parte el asesor adjunto de Seguridad Nacional de la Casa Blanca, Ben Rhodes.<\/p>\n<p>Los Ministerios de Defensa y Exteriores chinos no han hecho comentarios respecto a lo sucedido, apunta el peri\u00f3dico &#8216;The Wall Street Journal&#8217;.<\/p>\n<p>El incidente tuvo lugar en el espacio a\u00e9reo internacional sobre el mar de China Meridional y a unos a unos 220 kil\u00f3metros al este de la isla china de Hainan. Precisamente en esa zona se produjo en 2001 una colisi\u00f3n entre un avi\u00f3n de interceptaci\u00f3n chino y un avi\u00f3n EP-3 de la Marina estadounidense, en la cual muri\u00f3 un piloto chino. En aquella ocasi\u00f3n, lo ocurrido desat\u00f3 una crisis diplom\u00e1tica entre los Gobiernos de Pek\u00edn y Washington. (RTEspa\u00f1ol)<\/p>\n<p>&nbsp;<\/p>\n","protected":false},"excerpt":{"rendered":"<p>\u00abEl 19 de agosto, un avi\u00f3n de combate chino armado llev\u00f3 a cabo una intersecci\u00f3n peligrosa de un avi\u00f3n patrulla<\/p>\n","protected":false},"author":1,"featured_media":0,"comment_status":"open","ping_status":"open","sticky":false,"template":"","format":"standard","meta":{"footnotes":""},"categories":[7],"tags":[],"_links":{"self":[{"href":"https:\/\/www.ecuadoraldia.com.ec\/index.php?rest_route=\/wp\/v2\/posts\/4559"}],"collection":[{"href":"https:\/\/www.ecuadoraldia.com.ec\/index.php?rest_route=\/wp\/v2\/posts"}],"about":[{"href":"https:\/\/www.ecuadoraldia.com.ec\/index.php?rest_route=\/wp\/v2\/types\/post"}],"author":[{"embeddable":true,"href":"https:\/\/www.ecuadoraldia.com.ec\/index.php?rest_route=\/wp\/v2\/users\/1"}],"replies":[{"embeddable":true,"href":"https:\/\/www.ecuadoraldia.com.ec\/index.php?rest_route=%2Fwp%2Fv2%2Fcomments&post=4559"}],"version-history":[{"count":1,"href":"https:\/\/www.ecuadoraldia.com.ec\/index.php?rest_route=\/wp\/v2\/posts\/4559\/revisions"}],"predecessor-version":[{"id":4561,"href":"https:\/\/www.ecuadoraldia.com.ec\/index.php?rest_route=\/wp\/v2\/posts\/4559\/revisions\/4561"}],"wp:attachment":[{"href":"https:\/\/www.ecuadoraldia.com.ec\/index.php?rest_route=%2Fwp%2Fv2%2Fmedia&parent=4559"}],"wp:term":[{"taxonomy":"category","embeddable":true,"href":"https:\/\/www.ecuadoraldia.com.ec\/index.php?rest_route=%2Fwp%2Fv2%2Fcategories&post=4559"},{"taxonomy":"post_tag","embeddable":true,"href":"https:\/\/www.ecuadoraldia.com.ec\/index.php?rest_route=%2Fwp%2Fv2%2Ftags&post=4559"}],"curies":[{"name":"wp","href":"https:\/\/api.w.org\/{rel}","templated":true}]}}