{"id":4562,"date":"2014-08-23T23:11:09","date_gmt":"2014-08-23T23:11:09","guid":{"rendered":"http:\/\/www.ecuadoraldia.com.ec\/?p=4562"},"modified":"2014-08-23T23:11:09","modified_gmt":"2014-08-23T23:11:09","slug":"cuatro-condiciones-para-que-fondos-del-magisterio-siga-en-manos-de-la-une","status":"publish","type":"post","link":"https:\/\/www.ecuadoraldia.com.ec\/?p=4562","title":{"rendered":"Cuatro condiciones para que fondos del magisterio siga  en manos de la UNE"},"content":{"rendered":"<p><a href=\"http:\/\/www.ecuadoraldia.com.ec\/wp-content\/uploads\/2014\/08\/Reuni\u00f3n-fonds1.jpg\"><img loading=\"lazy\" decoding=\"async\" class=\"alignleft size-medium wp-image-4564\" src=\"http:\/\/www.ecuadoraldia.com.ec\/wp-content\/uploads\/2014\/08\/Reuni\u00f3n-fonds1-300x202.jpg\" alt=\"Reuni\u00f3n-fonds\" width=\"300\" height=\"202\" srcset=\"https:\/\/www.ecuadoraldia.com.ec\/wp-content\/uploads\/2014\/08\/Reuni\u00f3n-fonds1-300x202.jpg 300w, https:\/\/www.ecuadoraldia.com.ec\/wp-content\/uploads\/2014\/08\/Reuni\u00f3n-fonds1.jpg 392w\" sizes=\"(max-width: 300px) 100vw, 300px\" \/><\/a>El presidente Rafael Correa inform\u00f3 que el Fondo de Cesant\u00eda del Magisterio deber\u00e1 cumplir cuatro requisitos para que pueda permanecer en manos privadas.<\/p>\n<p>El Mandatario reiter\u00f3 que en el Fondo del Magisterio s\u00ed existe dinero p\u00fablico. Explic\u00f3 que la primera condici\u00f3n para que siga administr\u00e1ndose de manera privada es que se haga la devoluci\u00f3n de los recursos estatales con sus respectivos intereses. \u00abQue nos devuelvan hasta el \u00faltimo centavo, pero con el rendimiento correspondiente de plata p\u00fablica\u00bb, recalc\u00f3.<\/p>\n<p>Como segunda condici\u00f3n sus integrantes deber\u00e1n demostrar que los aportes fueron estrictamente voluntarios. Correa manifest\u00f3 que ha recibido cartas de maestros indicando que se les obligaba a aportar y su dinero era retenido. \u00abMaestros que no aceptaban ni siquiera les pagaban\u00bb, apunt\u00f3.<\/p>\n<p>De all\u00ed que la tercera condici\u00f3n es que los part\u00edcipes del fondo puedan retirar su dinero en cualquier momento. \u00abNo les dejan retirar la plata hasta la cesant\u00eda o la muerte. Eso s\u00ed es confiscaci\u00f3n del dinero privado. O te jubilas o te mueres. Si no pueden retirar la plata, eso va a pasar al sector p\u00fablico y nosotros s\u00ed vamos a devolver la plata al que quiera retirarla\u00bb, advirti\u00f3 el Presidente.<\/p>\n<p>La cuarta condici\u00f3n, dijo Correa, es que debe existir una petici\u00f3n expresa de m\u00e1s del 50% de los part\u00edcipes solicitando que sus aportes permanezcan en el fondo privado. \u00abMe tienen que presentar estos fondos la petici\u00f3n del 50% +1 de sus participantes de que quieren que sigan manej\u00e1ndose esos fondos privadamente\u00bb, manifest\u00f3 en el Enlace Ciudadano.<\/p>\n<p>El Mandatario reiter\u00f3 que el \u00abgobierno no est\u00e1 robando ni incautando dinero privado por problemas de falta de liquidez\u00bb como se ha venido especulando.<\/p>\n<p>Subray\u00f3 que es mucho m\u00e1s seguro que ese dinero lo administre el Banco del Instituto Ecuatoriano de Seguridad Social (Biess), porque cuenta con mecanismos que responder\u00e1n a los ahorristas en caso de alg\u00fan problema.<\/p>\n<p>Durante su informe, Correa record\u00f3 que otras instituciones p\u00fablicas tambi\u00e9n ten\u00edan el aporte adicional del Estado para el fondo complementario, llegando incluso a una relaci\u00f3n del 70% de dinero p\u00fablico y apenas 30% de aportes voluntarios.<\/p>\n<p>Entre los ejemplos que dio hasta el 2008 constan el Ministerio de Finanzas que registraba un aporte del Estado del 67%, mientras el aporte personal solo era del 33%. En el Banco Nacional de Fomento (BNF) de 12 millones de d\u00f3lares, dos tercios eran aportes estatales y un tercio de los trabajadores, indic\u00f3.<\/p>\n<p>\u00abEsto es lo que queremos recuperar. No es verdad lo que est\u00e1n diciendo los medios de destrucci\u00f3n masiva de comunicaci\u00f3n. No es verdad que el gobierno quiere cogerse fondos privados, no. Actores privados tienen fondos p\u00fablicos y eso es ilegal e ileg\u00edtimo\u00bb, subray\u00f3 el Presidente.<\/p>\n<p>\u00abNo permitir\u00e9 que se siga orde\u00f1ando al Estado como vaca amarrada en funci\u00f3n de unos cuantos grupos. Aqu\u00ed vamos a actuar en funci\u00f3n del bien com\u00fan y con reglas claras\u00bb, a\u00f1adi\u00f3 el gobernante al sostener que no es justo que solo un grupo de trabajadores tenga el privilegio de poseer una cesant\u00eda adicional.<\/p>\n","protected":false},"excerpt":{"rendered":"<p>El presidente Rafael Correa inform\u00f3 que el Fondo de Cesant\u00eda del Magisterio deber\u00e1 cumplir cuatro requisitos para que pueda permanecer<\/p>\n","protected":false},"author":1,"featured_media":0,"comment_status":"open","ping_status":"open","sticky":false,"template":"","format":"standard","meta":{"footnotes":""},"categories":[1],"tags":[],"_links":{"self":[{"href":"https:\/\/www.ecuadoraldia.com.ec\/index.php?rest_route=\/wp\/v2\/posts\/4562"}],"collection":[{"href":"https:\/\/www.ecuadoraldia.com.ec\/index.php?rest_route=\/wp\/v2\/posts"}],"about":[{"href":"https:\/\/www.ecuadoraldia.com.ec\/index.php?rest_route=\/wp\/v2\/types\/post"}],"author":[{"embeddable":true,"href":"https:\/\/www.ecuadoraldia.com.ec\/index.php?rest_route=\/wp\/v2\/users\/1"}],"replies":[{"embeddable":true,"href":"https:\/\/www.ecuadoraldia.com.ec\/index.php?rest_route=%2Fwp%2Fv2%2Fcomments&post=4562"}],"version-history":[{"count":1,"href":"https:\/\/www.ecuadoraldia.com.ec\/index.php?rest_route=\/wp\/v2\/posts\/4562\/revisions"}],"predecessor-version":[{"id":4565,"href":"https:\/\/www.ecuadoraldia.com.ec\/index.php?rest_route=\/wp\/v2\/posts\/4562\/revisions\/4565"}],"wp:attachment":[{"href":"https:\/\/www.ecuadoraldia.com.ec\/index.php?rest_route=%2Fwp%2Fv2%2Fmedia&parent=4562"}],"wp:term":[{"taxonomy":"category","embeddable":true,"href":"https:\/\/www.ecuadoraldia.com.ec\/index.php?rest_route=%2Fwp%2Fv2%2Fcategories&post=4562"},{"taxonomy":"post_tag","embeddable":true,"href":"https:\/\/www.ecuadoraldia.com.ec\/index.php?rest_route=%2Fwp%2Fv2%2Ftags&post=4562"}],"curies":[{"name":"wp","href":"https:\/\/api.w.org\/{rel}","templated":true}]}}