{"id":4566,"date":"2014-08-23T23:14:43","date_gmt":"2014-08-23T23:14:43","guid":{"rendered":"http:\/\/www.ecuadoraldia.com.ec\/?p=4566"},"modified":"2014-08-23T23:14:43","modified_gmt":"2014-08-23T23:14:43","slug":"ernesto-samper-se-consagra-como-secretario-general-de-unasur","status":"publish","type":"post","link":"https:\/\/www.ecuadoraldia.com.ec\/?p=4566","title":{"rendered":"Ernesto Samper se consagra como secretario general de UNASUR"},"content":{"rendered":"<p><a href=\"http:\/\/www.ecuadoraldia.com.ec\/wp-content\/uploads\/2014\/08\/ernesto-samper.jpg\"><img loading=\"lazy\" decoding=\"async\" class=\"alignleft size-medium wp-image-4567\" src=\"http:\/\/www.ecuadoraldia.com.ec\/wp-content\/uploads\/2014\/08\/ernesto-samper-300x220.jpg\" alt=\"ernesto-samper\" width=\"300\" height=\"220\" srcset=\"https:\/\/www.ecuadoraldia.com.ec\/wp-content\/uploads\/2014\/08\/ernesto-samper-300x220.jpg 300w, https:\/\/www.ecuadoraldia.com.ec\/wp-content\/uploads\/2014\/08\/ernesto-samper.jpg 333w\" sizes=\"(max-width: 300px) 100vw, 300px\" \/><\/a>El expresidente colombiano Ernesto Samper agradeci\u00f3 hoy a los mandatarios de la Uni\u00f3n de Naciones Suramericanas (Unasur) \u00abpor su apoyo\u00bb al confirmarlo como nuevo secretario general del organismo para un per\u00edodo de dos a\u00f1os.<\/p>\n<p>Samper fue ratificado el viernes por la Secretar\u00eda General de la Unasur, con sede en Quito, como su nuevo titular, seg\u00fan un comunicado de la organizaci\u00f3n.<\/p>\n<p>\u00abGracias presidentes(as) de: Argentina, Bolivia, Brasil, Chile, Colombia, Ecuador, Guyana, Paraguay, Per\u00fa, Surinam, Uruguay y Venezuela por su apoyo\u00bb, expres\u00f3 Samper en su cuenta en Twitter.<\/p>\n<p>En otro mensaje, el exmandatario colombiano (1994-1998) afirm\u00f3: \u00abFortalecer\u00e9 el escenario democr\u00e1tico, profundizar\u00e9 agenda social y avanzar\u00e9 en posibilidades competitivas\u00bb en su nuevo cargo, en el que sucede al exministro venezolano Al\u00ed Rodr\u00edguez.<\/p>\n<p>Samper, que esperaba que se oficializara su designaci\u00f3n, visit\u00f3 la semana pasada Quito y se entrevist\u00f3 con el presidente ecuatoriano, Rafael Correa.<\/p>\n<p>La Unasur fue creada en 2008 y tiene como prop\u00f3sito impulsar la integraci\u00f3n de sus miembros en materias de energ\u00eda, educaci\u00f3n, salud, ambiente, infraestructura, seguridad y democracia.<\/p>\n<p>La Uni\u00f3n de Naciones Suramericanas est\u00e1 formada por los doce pa\u00edses de esta parte de Am\u00e9rica.<\/p>\n","protected":false},"excerpt":{"rendered":"<p>El expresidente colombiano Ernesto Samper agradeci\u00f3 hoy a los mandatarios de la Uni\u00f3n de Naciones Suramericanas (Unasur) \u00abpor su apoyo\u00bb<\/p>\n","protected":false},"author":1,"featured_media":0,"comment_status":"open","ping_status":"open","sticky":false,"template":"","format":"standard","meta":{"footnotes":""},"categories":[1],"tags":[],"_links":{"self":[{"href":"https:\/\/www.ecuadoraldia.com.ec\/index.php?rest_route=\/wp\/v2\/posts\/4566"}],"collection":[{"href":"https:\/\/www.ecuadoraldia.com.ec\/index.php?rest_route=\/wp\/v2\/posts"}],"about":[{"href":"https:\/\/www.ecuadoraldia.com.ec\/index.php?rest_route=\/wp\/v2\/types\/post"}],"author":[{"embeddable":true,"href":"https:\/\/www.ecuadoraldia.com.ec\/index.php?rest_route=\/wp\/v2\/users\/1"}],"replies":[{"embeddable":true,"href":"https:\/\/www.ecuadoraldia.com.ec\/index.php?rest_route=%2Fwp%2Fv2%2Fcomments&post=4566"}],"version-history":[{"count":1,"href":"https:\/\/www.ecuadoraldia.com.ec\/index.php?rest_route=\/wp\/v2\/posts\/4566\/revisions"}],"predecessor-version":[{"id":4568,"href":"https:\/\/www.ecuadoraldia.com.ec\/index.php?rest_route=\/wp\/v2\/posts\/4566\/revisions\/4568"}],"wp:attachment":[{"href":"https:\/\/www.ecuadoraldia.com.ec\/index.php?rest_route=%2Fwp%2Fv2%2Fmedia&parent=4566"}],"wp:term":[{"taxonomy":"category","embeddable":true,"href":"https:\/\/www.ecuadoraldia.com.ec\/index.php?rest_route=%2Fwp%2Fv2%2Fcategories&post=4566"},{"taxonomy":"post_tag","embeddable":true,"href":"https:\/\/www.ecuadoraldia.com.ec\/index.php?rest_route=%2Fwp%2Fv2%2Ftags&post=4566"}],"curies":[{"name":"wp","href":"https:\/\/api.w.org\/{rel}","templated":true}]}}