{"id":4569,"date":"2014-08-23T23:22:14","date_gmt":"2014-08-23T23:22:14","guid":{"rendered":"http:\/\/www.ecuadoraldia.com.ec\/?p=4569"},"modified":"2014-08-23T23:22:14","modified_gmt":"2014-08-23T23:22:14","slug":"defensa-de-galo-lara-asegura-que-si-lo-extraditan-lo-van-a-matar","status":"publish","type":"post","link":"https:\/\/www.ecuadoraldia.com.ec\/?p=4569","title":{"rendered":"defensa de Galo Lara asegura que si lo extraditan lo van a matar\u2019"},"content":{"rendered":"<p><a href=\"http:\/\/www.ecuadoraldia.com.ec\/wp-content\/uploads\/2014\/08\/galo_lara2.jpg\"><img loading=\"lazy\" decoding=\"async\" class=\"alignleft size-medium wp-image-4570\" src=\"http:\/\/www.ecuadoraldia.com.ec\/wp-content\/uploads\/2014\/08\/galo_lara2-284x300.jpg\" alt=\"galo_lara2\" width=\"284\" height=\"300\" srcset=\"https:\/\/www.ecuadoraldia.com.ec\/wp-content\/uploads\/2014\/08\/galo_lara2-284x300.jpg 284w, https:\/\/www.ecuadoraldia.com.ec\/wp-content\/uploads\/2014\/08\/galo_lara2.jpg 303w\" sizes=\"(max-width: 284px) 100vw, 284px\" \/><\/a>AFP. Panam\u00e1. Si Panam\u00e1 entrega finalmente a Ecuador al exlegislador ecuatoriano Tito Galo Lara lo matar\u00e1n, afirm\u00f3 este s\u00e1bado su abogado, despu\u00e9s que el gobierno paname\u00f1o concediera la extradici\u00f3n para que el exdiputado responda en su pa\u00eds por un homicidio m\u00faltiple.<\/p>\n<p>\u00abAl se\u00f1or Galo Lara si lo extraditan lo van a matar y esa ser\u00e1 una responsabilidad que deber\u00e1n cargar en sus hombros el gobierno paname\u00f1o pasado y este gobierno (&#8230;) tendr\u00e1n que responder por la vida de un ser humano\u00bb, dijo el abogado Jos\u00e9 Nelson Brandao en RPC Radio.<\/p>\n<p>El gobierno paname\u00f1o estim\u00f3 el 21 de agosto \u00abprocedente la solicitud de extradici\u00f3n\u00bb presentada por Ecuador, tras un fallo de la Corte Suprema de Justicia de Panam\u00e1, que neg\u00f3 la advertencia de inconstitucionalidad presentada por los abogados de Lara contra el proceso de extradici\u00f3n.<\/p>\n<p>Los abogados de Lara tienen ahora 15 d\u00edas h\u00e1biles desde el 21 de agosto para apelar.<\/p>\n<p>\u00abNosotros ahora vamos a demostrar mediante nuestros escritos la inexistencia del car\u00e1cter delictivo del que se acusa al se\u00f1or Lara y la consistencia de que esto se trata de persecuci\u00f3n pol\u00edtica\u00bb, asegur\u00f3 Brandao.<\/p>\n<p>Galo Lara, de 46 a\u00f1os, est\u00e1 encarcelado en Panam\u00e1, que le concedi\u00f3 asilo en 2013 despu\u00e9s que el exdiputado huyera del Ecuador tras ser condenado a 10 a\u00f1os de c\u00e1rcel por complicidad en el asesinato de tres miembros de una familia.<\/p>\n<p>Por el contrario Lara desmiente las acusaciones y se considera un perseguido pol\u00edtico del Gobierno de Rafael Correa, argumentos admitidos inicialmente por el gobierno de Ricardo Martinelli, aunque luego le revoc\u00f3 la medida al considerar que en Ecuador tendr\u00e1 \u00abun juicio justo\u00bb.<\/p>\n<p>Brandao asegur\u00f3 que apelar\u00e1n la decisi\u00f3n tomada por el gobierno paname\u00f1o porque \u00abhay cosas que todav\u00eda tenemos que explorar, ensayar y examinar en las distintas etapas que vienen del proceso\u00bb, dijo.<\/p>\n<p>Tras hab\u00e9rsele revocado el asilo en mayo, Lara escap\u00f3, hasta que la polic\u00eda paname\u00f1a lo detuvo en la provincia de Veraguas (suroeste) el pasado 9 de junio.<\/p>\n<p>Desde entonces la justicia paname\u00f1a decret\u00f3 prisi\u00f3n preventiva contra el exlegislador, seg\u00fan el cual Correa lo quiere matar.<\/p>\n<p>\u00abSoy un perseguido pol\u00edtico por denunciar los actos de corrupci\u00f3n del gobierno de Correa\u00bb, asegur\u00f3 tras su detenci\u00f3n.<\/p>\n","protected":false},"excerpt":{"rendered":"<p>AFP. Panam\u00e1. Si Panam\u00e1 entrega finalmente a Ecuador al exlegislador ecuatoriano Tito Galo Lara lo matar\u00e1n, afirm\u00f3 este s\u00e1bado su<\/p>\n","protected":false},"author":1,"featured_media":0,"comment_status":"open","ping_status":"open","sticky":false,"template":"","format":"standard","meta":{"footnotes":""},"categories":[7],"tags":[],"_links":{"self":[{"href":"https:\/\/www.ecuadoraldia.com.ec\/index.php?rest_route=\/wp\/v2\/posts\/4569"}],"collection":[{"href":"https:\/\/www.ecuadoraldia.com.ec\/index.php?rest_route=\/wp\/v2\/posts"}],"about":[{"href":"https:\/\/www.ecuadoraldia.com.ec\/index.php?rest_route=\/wp\/v2\/types\/post"}],"author":[{"embeddable":true,"href":"https:\/\/www.ecuadoraldia.com.ec\/index.php?rest_route=\/wp\/v2\/users\/1"}],"replies":[{"embeddable":true,"href":"https:\/\/www.ecuadoraldia.com.ec\/index.php?rest_route=%2Fwp%2Fv2%2Fcomments&post=4569"}],"version-history":[{"count":1,"href":"https:\/\/www.ecuadoraldia.com.ec\/index.php?rest_route=\/wp\/v2\/posts\/4569\/revisions"}],"predecessor-version":[{"id":4571,"href":"https:\/\/www.ecuadoraldia.com.ec\/index.php?rest_route=\/wp\/v2\/posts\/4569\/revisions\/4571"}],"wp:attachment":[{"href":"https:\/\/www.ecuadoraldia.com.ec\/index.php?rest_route=%2Fwp%2Fv2%2Fmedia&parent=4569"}],"wp:term":[{"taxonomy":"category","embeddable":true,"href":"https:\/\/www.ecuadoraldia.com.ec\/index.php?rest_route=%2Fwp%2Fv2%2Fcategories&post=4569"},{"taxonomy":"post_tag","embeddable":true,"href":"https:\/\/www.ecuadoraldia.com.ec\/index.php?rest_route=%2Fwp%2Fv2%2Ftags&post=4569"}],"curies":[{"name":"wp","href":"https:\/\/api.w.org\/{rel}","templated":true}]}}