{"id":4609,"date":"2014-08-25T23:01:39","date_gmt":"2014-08-25T23:01:39","guid":{"rendered":"http:\/\/www.ecuadoraldia.com.ec\/?p=4609"},"modified":"2014-08-25T23:01:39","modified_gmt":"2014-08-25T23:01:39","slug":"experto-descarto-megaterremoto-tras-sismos-en-peru-chile-y-eeuu","status":"publish","type":"post","link":"https:\/\/www.ecuadoraldia.com.ec\/?p=4609","title":{"rendered":"Experto descart\u00f3 megaterremoto tras sismos en Per\u00fa, Chile y EEUU"},"content":{"rendered":"<p><a href=\"http:\/\/www.ecuadoraldia.com.ec\/wp-content\/uploads\/2014\/08\/terr-pe.jpg\"><img loading=\"lazy\" decoding=\"async\" class=\"alignleft size-medium wp-image-4610\" src=\"http:\/\/www.ecuadoraldia.com.ec\/wp-content\/uploads\/2014\/08\/terr-pe-300x169.jpg\" alt=\"CONFERENCIA DE PRENSA DONDE LA GATA IRENE  RODRIGUEZ CON SU PROGRAMA GATA SHOW REALIZARAN EVENTO PARA AYUDA SOCIAL POR NAVIDAD.\" width=\"300\" height=\"169\" srcset=\"https:\/\/www.ecuadoraldia.com.ec\/wp-content\/uploads\/2014\/08\/terr-pe-300x169.jpg 300w, https:\/\/www.ecuadoraldia.com.ec\/wp-content\/uploads\/2014\/08\/terr-pe.jpg 391w\" sizes=\"(max-width: 300px) 100vw, 300px\" \/><\/a>La tierra tembl\u00f3 en Chile, Per\u00fa y California (EEUU) en un margen de pocos d\u00edas, pero los tres sismos fueron independientes y su coincidencia en el tiempo es sOlo una casualidad, asegur\u00f3 un experto alem\u00e1n en sismolog\u00eda.<\/p>\n<p>\u201cLas placas oce\u00e1nicas y continentales se desplazan entre s\u00ed con gran fuerza, lo que produce terremotos. En cierto modo, los tres sismos est\u00e1n vinculados por eso, pero no de un modo directo. Fue una casualidad. A fin de cuentas, entre uno y otro hay miles de kil\u00f3metros de distancia\u201d, explic\u00f3 Rainer Kind, del Centro de Investigaci\u00f3n Geol\u00f3gica de Potsdam.<\/p>\n<p>Kind alert\u00f3 de que en el llamado Anillo de Fuego del Pac\u00edfico pueden producirse cat\u00e1strofes naturales en cualquier momento, pero descart\u00f3 que los tres sismos recientes anuncien un megaterremoto como el de 1906 en California, que dej\u00f3 miles de muertos.<\/p>\n<p>Sin embargo, el sism\u00f3logo alem\u00e1n reconoci\u00f3 que ese tipo de grandes terremotos \u201cse producen cada 100 o 200 a\u00f1os\u201d, por lo que \u201cse va haciendo m\u00e1s probable\u201d el pr\u00f3ximo.<\/p>\n<p>OTRO SISMO EN PER\u00da<br \/>\nUn nuevo sismo de 5.7 grados en la escala de Richter se registr\u00f3 a las 9:31 a.m. de este lunes en Arequipa, seg\u00fan el Instituto Geof\u00edsico del Per\u00fa (IGP).<\/p>\n<p>El fuerte movimiento tel\u00farico tambi\u00e9n se sinti\u00f3 en Ayacucho, Lima y otras partes del Per\u00fa. Hasta el momento no se inform\u00f3 de da\u00f1os. El epicentro fue a 31 kil\u00f3metros al sureste del distrito de Atico, con una profundidad de 56 kil\u00f3metros.<\/p>\n<p>&nbsp;<\/p>\n<p>&nbsp;<\/p>\n<p>&nbsp;<\/p>\n<p>&nbsp;<\/p>\n<p>&nbsp;<\/p>\n","protected":false},"excerpt":{"rendered":"<p>La tierra tembl\u00f3 en Chile, Per\u00fa y California (EEUU) en un margen de pocos d\u00edas, pero los tres sismos fueron<\/p>\n","protected":false},"author":1,"featured_media":0,"comment_status":"open","ping_status":"open","sticky":false,"template":"","format":"standard","meta":{"footnotes":""},"categories":[7],"tags":[],"_links":{"self":[{"href":"https:\/\/www.ecuadoraldia.com.ec\/index.php?rest_route=\/wp\/v2\/posts\/4609"}],"collection":[{"href":"https:\/\/www.ecuadoraldia.com.ec\/index.php?rest_route=\/wp\/v2\/posts"}],"about":[{"href":"https:\/\/www.ecuadoraldia.com.ec\/index.php?rest_route=\/wp\/v2\/types\/post"}],"author":[{"embeddable":true,"href":"https:\/\/www.ecuadoraldia.com.ec\/index.php?rest_route=\/wp\/v2\/users\/1"}],"replies":[{"embeddable":true,"href":"https:\/\/www.ecuadoraldia.com.ec\/index.php?rest_route=%2Fwp%2Fv2%2Fcomments&post=4609"}],"version-history":[{"count":1,"href":"https:\/\/www.ecuadoraldia.com.ec\/index.php?rest_route=\/wp\/v2\/posts\/4609\/revisions"}],"predecessor-version":[{"id":4611,"href":"https:\/\/www.ecuadoraldia.com.ec\/index.php?rest_route=\/wp\/v2\/posts\/4609\/revisions\/4611"}],"wp:attachment":[{"href":"https:\/\/www.ecuadoraldia.com.ec\/index.php?rest_route=%2Fwp%2Fv2%2Fmedia&parent=4609"}],"wp:term":[{"taxonomy":"category","embeddable":true,"href":"https:\/\/www.ecuadoraldia.com.ec\/index.php?rest_route=%2Fwp%2Fv2%2Fcategories&post=4609"},{"taxonomy":"post_tag","embeddable":true,"href":"https:\/\/www.ecuadoraldia.com.ec\/index.php?rest_route=%2Fwp%2Fv2%2Ftags&post=4609"}],"curies":[{"name":"wp","href":"https:\/\/api.w.org\/{rel}","templated":true}]}}