{"id":4662,"date":"2014-08-28T12:40:20","date_gmt":"2014-08-28T12:40:20","guid":{"rendered":"http:\/\/www.ecuadoraldia.com.ec\/?p=4662"},"modified":"2014-08-28T12:40:20","modified_gmt":"2014-08-28T12:40:20","slug":"bloque-pais-no-apoyara-el-cambio-en-los-plazos-de-ley-limitrofe","status":"publish","type":"post","link":"https:\/\/www.ecuadoraldia.com.ec\/?p=4662","title":{"rendered":"Bloque PAIS no apoyar\u00e1 el cambio en los plazos de ley lim\u00edtrofe"},"content":{"rendered":"<p><a href=\"http:\/\/www.ecuadoraldia.com.ec\/wp-content\/uploads\/2014\/08\/bloque-pais.jpg\"><img loading=\"lazy\" decoding=\"async\" class=\"alignleft size-medium wp-image-4663\" src=\"http:\/\/www.ecuadoraldia.com.ec\/wp-content\/uploads\/2014\/08\/bloque-pais-300x225.jpg\" alt=\"bloque pais\" width=\"300\" height=\"225\" srcset=\"https:\/\/www.ecuadoraldia.com.ec\/wp-content\/uploads\/2014\/08\/bloque-pais-300x225.jpg 300w, https:\/\/www.ecuadoraldia.com.ec\/wp-content\/uploads\/2014\/08\/bloque-pais.jpg 492w\" sizes=\"(max-width: 300px) 100vw, 300px\" \/><\/a>El bloque legislativo de PAIS se reuni\u00f3 el martes pasado para definir la estrategia en la fijaci\u00f3n de l\u00edmites internos. En la reuni\u00f3n se generaron dos resoluciones b\u00e1sicas. La primera es que no se extender\u00e1 el plazo para fijar los l\u00edmites. Esta postura concuerda con las declaraciones que realizaron los asamble\u00edstas de Azuay, Ca\u00f1ar y Pichincha del oficialismo, quienes afirmaron que no hay conflictos al interior del movimiento pol\u00edtico.<\/p>\n<p>Hace 2 semanas, durante una reuni\u00f3n de autoridades locales de Guayas, el gobernador de la provincia, Rolando Panchana, propuso una reforma para ampliar el plazo para resolver los diferendos. Ese lapso concluye en marzo de 2015.<\/p>\n<p>Pero hasta tanto las reuniones locales se reproducen. Ayer el gobernador de Azuay, Leonardo Berrezueta, convoc\u00f3 a una reuni\u00f3n en la que participaron los asamble\u00edstas de PAIS de esta provincia.<\/p>\n<p>Uno de ellos, Diego Vintimilla, detall\u00f3 que el tema \u201ces defender a la provincia del Azuay, no desde el punto de que hay un enemigo, sino m\u00e1s bien para precautelar los leg\u00edtimos intereses de los ciudadanos que se asientan en los territorios que en este momento tienen alg\u00fan conflicto lim\u00edtrofe\u201d.<\/p>\n<p>Vintimilla aclar\u00f3 que los diferendos deben ser resueltos por los prefectos. \u201cAmbos son prefectos reelectos (en referencia a los de Guayas y Azuay), as\u00ed que no hay excusa o argumento para dilatar el proceso\u201d, recalc\u00f3.<\/p>\n<p>Adem\u00e1s enfatiz\u00f3 que \u201clas comunidades que est\u00e1n en conflicto son azuayas y espec\u00edficamente cuencanas, por eso llevan el nombre de Abd\u00f3n Calder\u00f3n, 3 de Noviembre, Hermano Miguel, y que hay una serie de elementos que configuran una identidad a favor de la provincia de Azuay y de Cuenca. De no haber una soluci\u00f3n, que sean los ciudadanos quienes decidan\u201d, sugiri\u00f3. La Viceprefecta de Azuay ha convocado para la pr\u00f3xima semana a una reuni\u00f3n en la cual estar\u00e1n los representantes de los sectores en disputa.<\/p>\n<p>El Piedrero, zona en disputa<\/p>\n<p>Aunque los habitantes de zonas como El Piedrero, que se encuentra en disputa entre Guayas y Ca\u00f1ar, no saben legalmente a qu\u00e9 jurisdicci\u00f3n pertenecen, en los \u00faltimos d\u00edas reciben ayuda constante de ambos gobiernos provinciales. Hace 2 d\u00edas la Prefectura del Guayas moviliz\u00f3 brigadas de salud y fumigaci\u00f3n hasta esa comunidad. El Comit\u00e9 Nacional de L\u00edmites Internos (Conali) identifica 25 conflictos fronterizos, es decir con todas las provincias vecinas.<\/p>\n<p>Aunque para las autoridades guayasenses los l\u00edmites est\u00e1n claros. Jairala recorri\u00f3 ayer El Piedrero para verificar el cumplimiento de obras de vialidad en el sector.<\/p>\n<p>Los Prefectos analizan pugnas<\/p>\n<p>Por otro lado, el prefecto de Los R\u00edos, Marco Troya, tiene previsto llegar a la sede parroquial de San Juan para aprobar en primer debate la pro forma presupuestaria prorrogada del ejercicio econ\u00f3mico 2014.<\/p>\n<p>Luego de esto se reunir\u00e1 con los concejales y los integrantes de la Comisi\u00f3n de l\u00edmites provincial para abordar las disputas territoriales. La provincia tiene conflictos de l\u00edmites con Cotopaxi, Bol\u00edvar y Guayas. Con la \u00faltima provincia contabiliza 4 disputas.<\/p>\n<p>Internamente la comisi\u00f3n t\u00e9cnica provincial detall\u00f3 que existen discrepancias en 9 cantones y 11 parroquias en Los R\u00edos. La informaci\u00f3n fue elaborada con datos reportados por el Conali. La Comisi\u00f3n T\u00e9cnica present\u00f3 el informe al Prefecto y a la Comisi\u00f3n Legislativa del Consejo Provincial, presidida por el consejero y alcalde de Ventanas, Patricio Urrutia, para que defina un mecanismo de soluci\u00f3n.<\/p>\n<p>En el caso de Manab\u00ed, el prefecto Mariano Zambrano, la semana pasada, realiz\u00f3 un gabinete en la Manga del Cura, en disputa con Guayas. Afirm\u00f3 que la localidad es territorio manabita, por lo que estuvo acompa\u00f1ado de alcaldes y asamble\u00edstas de esa provincia. Hay 3 pugnas que Guayas contempla con Manab\u00ed. Esta \u00faltima tiene un total de 31 problemas por l\u00edmites. A nivel nacional, el Conali ha identificado 768 disputas territoriales.<br \/>\nEtiquetas: ley lim\u00edtrofe, PAIS<\/p>\n","protected":false},"excerpt":{"rendered":"<p>El bloque legislativo de PAIS se reuni\u00f3 el martes pasado para definir la estrategia en la fijaci\u00f3n de l\u00edmites internos.<\/p>\n","protected":false},"author":1,"featured_media":0,"comment_status":"open","ping_status":"open","sticky":false,"template":"","format":"standard","meta":{"footnotes":""},"categories":[3],"tags":[],"_links":{"self":[{"href":"https:\/\/www.ecuadoraldia.com.ec\/index.php?rest_route=\/wp\/v2\/posts\/4662"}],"collection":[{"href":"https:\/\/www.ecuadoraldia.com.ec\/index.php?rest_route=\/wp\/v2\/posts"}],"about":[{"href":"https:\/\/www.ecuadoraldia.com.ec\/index.php?rest_route=\/wp\/v2\/types\/post"}],"author":[{"embeddable":true,"href":"https:\/\/www.ecuadoraldia.com.ec\/index.php?rest_route=\/wp\/v2\/users\/1"}],"replies":[{"embeddable":true,"href":"https:\/\/www.ecuadoraldia.com.ec\/index.php?rest_route=%2Fwp%2Fv2%2Fcomments&post=4662"}],"version-history":[{"count":1,"href":"https:\/\/www.ecuadoraldia.com.ec\/index.php?rest_route=\/wp\/v2\/posts\/4662\/revisions"}],"predecessor-version":[{"id":4664,"href":"https:\/\/www.ecuadoraldia.com.ec\/index.php?rest_route=\/wp\/v2\/posts\/4662\/revisions\/4664"}],"wp:attachment":[{"href":"https:\/\/www.ecuadoraldia.com.ec\/index.php?rest_route=%2Fwp%2Fv2%2Fmedia&parent=4662"}],"wp:term":[{"taxonomy":"category","embeddable":true,"href":"https:\/\/www.ecuadoraldia.com.ec\/index.php?rest_route=%2Fwp%2Fv2%2Fcategories&post=4662"},{"taxonomy":"post_tag","embeddable":true,"href":"https:\/\/www.ecuadoraldia.com.ec\/index.php?rest_route=%2Fwp%2Fv2%2Ftags&post=4662"}],"curies":[{"name":"wp","href":"https:\/\/api.w.org\/{rel}","templated":true}]}}