{"id":4671,"date":"2014-08-28T12:46:51","date_gmt":"2014-08-28T12:46:51","guid":{"rendered":"http:\/\/www.ecuadoraldia.com.ec\/?p=4671"},"modified":"2014-08-28T12:47:51","modified_gmt":"2014-08-28T12:47:51","slug":"4671","status":"publish","type":"post","link":"https:\/\/www.ecuadoraldia.com.ec\/?p=4671","title":{"rendered":"Nuevo dise\u00f1o operacional de FF. AA. concluir\u00e1 en 2017"},"content":{"rendered":"<p><a href=\"http:\/\/www.ecuadoraldia.com.ec\/wp-content\/uploads\/2014\/08\/fa.jpg\"><img loading=\"lazy\" decoding=\"async\" class=\"alignleft size-medium wp-image-4672\" src=\"http:\/\/www.ecuadoraldia.com.ec\/wp-content\/uploads\/2014\/08\/fa-300x218.jpg\" alt=\"CEREMONIA CAMBIO CUPULA MILITAR\" width=\"300\" height=\"218\" srcset=\"https:\/\/www.ecuadoraldia.com.ec\/wp-content\/uploads\/2014\/08\/fa-300x218.jpg 300w, https:\/\/www.ecuadoraldia.com.ec\/wp-content\/uploads\/2014\/08\/fa.jpg 600w\" sizes=\"(max-width: 300px) 100vw, 300px\" \/><\/a>Hasta 2017, las FF. AA. esperan concluir la reubicaci\u00f3n de m\u00e1s del 50% de sus instalaciones y unidades militares de las provincias de Pichincha, Guayas, Loja, El Oro y Azuay.<\/p>\n<p>Fuerza. El nuevo dise\u00f1o operacional incluye, entre otras cosas, la reubicaci\u00f3n de puntos militares, la reducci\u00f3n progresiva del pie de fuerza o n\u00famero de uniformados.<\/p>\n<p>Hasta 2017, las FF. AA. esperan concluir la reubicaci\u00f3n de m\u00e1s del 50% de sus instalaciones y unidades militares de las provincias de Pichincha, Guayas, Loja, El Oro y Azuay.<\/p>\n<p>Una de las prioridades es construir en el cuartel militar Eplicachima (Primera Divisi\u00f3n de Ej\u00e9rcito Shyris), al sur de Quito, la Plataforma Pol\u00edtica del Gobierno donde funcionar\u00e1 el despacho de la Presidencia de la Rep\u00fablica, oficinas administrativas y los ministerios de la Pol\u00edtica y Defensa.<\/p>\n<p>\u201cUno de los movimientos m\u00e1s importantes que haremos es la salida de la Primera Divisi\u00f3n de Ej\u00e9rcito\u201d, dijo la ministra de Defensa, Mar\u00eda Fernanda Espinosa, quien asegur\u00f3 que el proyecto iniciar\u00e1 este a\u00f1o.<\/p>\n<p>Seg\u00fan Esteban Mor\u00e1n, asesor ministerial, las instalaciones del Eplicachima se trasladar\u00e1n al Cuerpo de Ingenieros del Ej\u00e9rcito (CEE).<\/p>\n<p>Detalles del proyecto<\/p>\n<p>La reubicaci\u00f3n tendr\u00e1 un costo aproximado para el Estado de 219 millones de d\u00f3lares. En los espacios liberados de unidades militares se construir\u00e1n parques, escuelas del milenio, hospitales, centros integrales de atenci\u00f3n a ni\u00f1os, proyectos inmobiliarios que podr\u00edan ser vendidos, indic\u00f3 Espinosa.<\/p>\n<p>Seg\u00fan Esteban Mor\u00e1n, este proyecto aportar\u00e1 al crecimiento urbano de las ciudades. En Pichincha, los terrenos del Comando Log\u00edstico Sur en el sector de La Atahualpa (sur) se trasladar\u00e1 al Fuerte Militar en Machachi. El Batall\u00f3n de Comunicaciones (norte) tambi\u00e9n ser\u00e1 uno de los espacios liberados.<\/p>\n<p>En Guayas, el complejo de la Primera Zona Naval, donde funciona el Comando de Operaciones Navales, ser\u00e1 reubicado en la Base Naval Sur. La Escuela de Infanter\u00eda A\u00e9rea ir\u00e1 a la Base de Cotopaxi. Al menos 600 hect\u00e1reas de terrenos militares ser\u00e1n liberadas para uso civil. (SC)<\/p>\n<p>CEE ser\u00e1 parte de la reestructuraci\u00f3n<\/p>\n<p>\u00b0 El 21 de agosto \u00faltimo, el general de Brigada Francisco Vega Le\u00f3n, jefe del equipo interno de Reestructuraci\u00f3n del Ej\u00e9rcito, recorri\u00f3 las instalaciones del Cuerpo de Ingenieros del Ej\u00e9rcito (CEE), ubicadas al sur de Quito, donde constat\u00f3 el estado de su infraestructura, que tambi\u00e9n ser\u00e1 parte de la reestructuraci\u00f3n. Las instalaciones del CEE ser\u00e1n trasladas al cuartel La Balbina, en Amagua\u00f1a.<\/p>\n<p>Polvorines<\/p>\n<p>\u00b0 La Ministra tambi\u00e9n anunci\u00f3 que se inici\u00f3 la construcci\u00f3n de tres polvorines en lugares estrat\u00e9gicos del Ecuador (dep\u00f3sitos de municiones) que contar\u00e1n con infraestructura y seguridades adecuadas para las tres fuerzas (Terrestre, Naval y A\u00e9rea) y que evite riesgos para la poblaci\u00f3n. Dos de ellos estar\u00e1n localizados en el sur del pa\u00eds y estar\u00edan operativos en 2016.<\/p>\n<p>El Dato<br \/>\nEl Palacio de Carondelet quedar\u00e1 para actos protocolarios.<\/p>\n<p>34.500<br \/>\npersonas integrar\u00e1n las FF.AA. en 2025, seg\u00fan las proyecciones de la ministra de Defensa. Actualmente hay 41.060.<\/p>\n<p>47%<br \/>\nde los puestos militares que hay en la frontera se reducir\u00e1n hasta 2017.<\/p>\n","protected":false},"excerpt":{"rendered":"<p>Hasta 2017, las FF. AA. esperan concluir la reubicaci\u00f3n de m\u00e1s del 50% de sus instalaciones y unidades militares de<\/p>\n","protected":false},"author":1,"featured_media":0,"comment_status":"open","ping_status":"open","sticky":false,"template":"","format":"standard","meta":{"footnotes":""},"categories":[1],"tags":[],"_links":{"self":[{"href":"https:\/\/www.ecuadoraldia.com.ec\/index.php?rest_route=\/wp\/v2\/posts\/4671"}],"collection":[{"href":"https:\/\/www.ecuadoraldia.com.ec\/index.php?rest_route=\/wp\/v2\/posts"}],"about":[{"href":"https:\/\/www.ecuadoraldia.com.ec\/index.php?rest_route=\/wp\/v2\/types\/post"}],"author":[{"embeddable":true,"href":"https:\/\/www.ecuadoraldia.com.ec\/index.php?rest_route=\/wp\/v2\/users\/1"}],"replies":[{"embeddable":true,"href":"https:\/\/www.ecuadoraldia.com.ec\/index.php?rest_route=%2Fwp%2Fv2%2Fcomments&post=4671"}],"version-history":[{"count":2,"href":"https:\/\/www.ecuadoraldia.com.ec\/index.php?rest_route=\/wp\/v2\/posts\/4671\/revisions"}],"predecessor-version":[{"id":4674,"href":"https:\/\/www.ecuadoraldia.com.ec\/index.php?rest_route=\/wp\/v2\/posts\/4671\/revisions\/4674"}],"wp:attachment":[{"href":"https:\/\/www.ecuadoraldia.com.ec\/index.php?rest_route=%2Fwp%2Fv2%2Fmedia&parent=4671"}],"wp:term":[{"taxonomy":"category","embeddable":true,"href":"https:\/\/www.ecuadoraldia.com.ec\/index.php?rest_route=%2Fwp%2Fv2%2Fcategories&post=4671"},{"taxonomy":"post_tag","embeddable":true,"href":"https:\/\/www.ecuadoraldia.com.ec\/index.php?rest_route=%2Fwp%2Fv2%2Ftags&post=4671"}],"curies":[{"name":"wp","href":"https:\/\/api.w.org\/{rel}","templated":true}]}}