{"id":4675,"date":"2014-08-28T12:49:11","date_gmt":"2014-08-28T12:49:11","guid":{"rendered":"http:\/\/www.ecuadoraldia.com.ec\/?p=4675"},"modified":"2014-08-28T12:49:11","modified_gmt":"2014-08-28T12:49:11","slug":"despacho-presidencial-se-trasladara-al-cuartel-epiclachima","status":"publish","type":"post","link":"https:\/\/www.ecuadoraldia.com.ec\/?p=4675","title":{"rendered":"Despacho presidencial se trasladar\u00e1 al cuartel Epiclachima"},"content":{"rendered":"<p><a href=\"http:\/\/www.ecuadoraldia.com.ec\/wp-content\/uploads\/2014\/08\/epi.jpg\"><img loading=\"lazy\" decoding=\"async\" class=\"alignleft size-medium wp-image-4676\" src=\"http:\/\/www.ecuadoraldia.com.ec\/wp-content\/uploads\/2014\/08\/epi-300x162.jpg\" alt=\"epi\" width=\"300\" height=\"162\" srcset=\"https:\/\/www.ecuadoraldia.com.ec\/wp-content\/uploads\/2014\/08\/epi-300x162.jpg 300w, https:\/\/www.ecuadoraldia.com.ec\/wp-content\/uploads\/2014\/08\/epi.jpg 448w\" sizes=\"(max-width: 300px) 100vw, 300px\" \/><\/a>La salida del despacho presidencial del hist\u00f3rico Palacio de Carondelet se aproxima. Hasta el 2015, la oficina del presidente Rafael Correa se reubicar\u00e1 en el cuartel Epiclachima, Primera Divisi\u00f3n del Ej\u00e9rcito, ubicado en el sur de la capital.<\/p>\n<p>\u201cEn ese lugar se va a construir la plataforma pol\u00edtica del Gobierno, donde va a estar el nuevo despacho de la Presidencia. Ese es uno de los proyectos prioritarios y que se iniciar\u00e1n este mismo a\u00f1o\u201d, adelant\u00f3 la ministra de Defensa, Mar\u00eda Fernanda Espinosa, en un conversatorio con periodistas.<\/p>\n<p>Esto es parte de un plan de las Fuerzas Armadas que prev\u00e9 reducir 264 unidades militares de 561 existentes, en las provincias de Loja, Manab\u00ed, El Oro, Azuay y Pichincha, con lo que se entregar\u00e1n 603 hect\u00e1reas para el uso p\u00fablico en las ciudades.<\/p>\n<p>El principal objetivo es reducir costos y ubicar a la milicia en sectores estrat\u00e9gicos. La inversi\u00f3n bordea los $ 219 millones y se planea que perdure los pr\u00f3ximos 40 a\u00f1os.<\/p>\n<p>El plan comprende trasladar por lo menos quince unidades militares de las provincias mencionadas. Por ejemplo, en Guayas, la fuerza terrestre del Ala 22 de la Fuerza A\u00e9rea Ecuatoriana (FAE), ubicada en el aeropuerto de Guayaquil, se mover\u00e1 a la Base de Taura.<\/p>\n<p>De El Oro saldr\u00e1n los fuertes de Arenillas, Santa Rosa, Pasaje y El Guabo y se ubicar\u00e1 a sus aproximadamente 2.000 soldados en una unidad militar que se construir\u00e1 en Palmales.<\/p>\n<p>En Quito, en cambio, el cuartel Epiclachima se reubicar\u00e1 en lo que ahora son las oficinas del Cuerpo de Ingenieros del Ej\u00e9rcito (CEE) y este pasar\u00e1 a La Balbina, en Sangolqu\u00ed.<\/p>\n<p>\u201cMuchos de estos movimientos van a iniciar en proyecto este a\u00f1o y se van a concretar hasta el pr\u00f3ximo. Tenemos un tiempo l\u00edmite que es hasta el 2017 (para ejecutar). Este es el nuevo dise\u00f1o operacional de las Fuerzas Armadas, que esperamos para los pr\u00f3ximos 40 o 50 a\u00f1os m\u00ednimo\u201d, afirm\u00f3 Espinosa<\/p>\n<p>De este proyecto est\u00e1n excluidas las unidades de la frontera norte por la presencia de grupos irregulares colombianos y delincuenciales.<\/p>\n<p>El jefe del Comando Conjunto de las Fuerzas Armadas (Comaco), general Luis Garz\u00f3n, aclar\u00f3 que esta zona \u201cno est\u00e1 topada\u201d y la infraestructura se mantendr\u00e1 igual.<\/p>\n<p>\u201cHemos tenido conversaciones (con Colombia) que nos permiten conocer que, si fuese firmado el tratado de paz (con las Fuerzas Armadas Revolucionarias de Colombia) implicar\u00eda un plazo de no menos de diez a\u00f1os para consolidar ese proceso. Por eso no hace falta que las unidades de la frontera norte se muevan hasta no definir c\u00f3mo el escenario va a ir cambiando\u201d, se\u00f1al\u00f3.<\/p>\n<p>Reducci\u00f3n<br \/>\nPersonal<\/p>\n<p>Cifras<br \/>\nLa ministra Mar\u00eda Fernanda Espinosa cifr\u00f3 en 34.500 el personal que integrar\u00e1 las Fuerzas Armadas en el 2025, cantidad inferior a los 41.060 con los que cuenta ahora.<\/p>\n","protected":false},"excerpt":{"rendered":"<p>La salida del despacho presidencial del hist\u00f3rico Palacio de Carondelet se aproxima. Hasta el 2015, la oficina del presidente Rafael<\/p>\n","protected":false},"author":1,"featured_media":0,"comment_status":"open","ping_status":"open","sticky":false,"template":"","format":"standard","meta":{"footnotes":""},"categories":[1],"tags":[],"_links":{"self":[{"href":"https:\/\/www.ecuadoraldia.com.ec\/index.php?rest_route=\/wp\/v2\/posts\/4675"}],"collection":[{"href":"https:\/\/www.ecuadoraldia.com.ec\/index.php?rest_route=\/wp\/v2\/posts"}],"about":[{"href":"https:\/\/www.ecuadoraldia.com.ec\/index.php?rest_route=\/wp\/v2\/types\/post"}],"author":[{"embeddable":true,"href":"https:\/\/www.ecuadoraldia.com.ec\/index.php?rest_route=\/wp\/v2\/users\/1"}],"replies":[{"embeddable":true,"href":"https:\/\/www.ecuadoraldia.com.ec\/index.php?rest_route=%2Fwp%2Fv2%2Fcomments&post=4675"}],"version-history":[{"count":1,"href":"https:\/\/www.ecuadoraldia.com.ec\/index.php?rest_route=\/wp\/v2\/posts\/4675\/revisions"}],"predecessor-version":[{"id":4677,"href":"https:\/\/www.ecuadoraldia.com.ec\/index.php?rest_route=\/wp\/v2\/posts\/4675\/revisions\/4677"}],"wp:attachment":[{"href":"https:\/\/www.ecuadoraldia.com.ec\/index.php?rest_route=%2Fwp%2Fv2%2Fmedia&parent=4675"}],"wp:term":[{"taxonomy":"category","embeddable":true,"href":"https:\/\/www.ecuadoraldia.com.ec\/index.php?rest_route=%2Fwp%2Fv2%2Fcategories&post=4675"},{"taxonomy":"post_tag","embeddable":true,"href":"https:\/\/www.ecuadoraldia.com.ec\/index.php?rest_route=%2Fwp%2Fv2%2Ftags&post=4675"}],"curies":[{"name":"wp","href":"https:\/\/api.w.org\/{rel}","templated":true}]}}