{"id":4713,"date":"2014-08-30T00:08:41","date_gmt":"2014-08-30T00:08:41","guid":{"rendered":"http:\/\/www.ecuadoraldia.com.ec\/?p=4713"},"modified":"2014-08-30T00:08:41","modified_gmt":"2014-08-30T00:08:41","slug":"gobierno-vigila-que-no-se-cobren-incrementos-excesivos-en-colegios-privados","status":"publish","type":"post","link":"https:\/\/www.ecuadoraldia.com.ec\/?p=4713","title":{"rendered":"Gobierno  vigila que no se cobren incrementos excesivos en colegios privados"},"content":{"rendered":"<p><a href=\"http:\/\/www.ecuadoraldia.com.ec\/wp-content\/uploads\/2014\/08\/colegio-23.jpg\"><img loading=\"lazy\" decoding=\"async\" class=\"alignleft size-medium wp-image-4714\" src=\"http:\/\/www.ecuadoraldia.com.ec\/wp-content\/uploads\/2014\/08\/colegio-23-300x193.jpg\" alt=\"colegio-23\" width=\"300\" height=\"193\" srcset=\"https:\/\/www.ecuadoraldia.com.ec\/wp-content\/uploads\/2014\/08\/colegio-23-300x193.jpg 300w, https:\/\/www.ecuadoraldia.com.ec\/wp-content\/uploads\/2014\/08\/colegio-23.jpg 305w\" sizes=\"(max-width: 300px) 100vw, 300px\" \/><\/a>El incremento de pensiones o matr\u00edculas para el a\u00f1o lectivo de los ciclos Sierra y Amazonia, que comenzar\u00e1 el pr\u00f3ximo lunes, no podr\u00e1 exceder del porcentaje autorizado por el Estado ecuatoriano en la resoluci\u00f3n de costos, inform\u00f3 el ministro de Educaci\u00f3n, Augusto Espinosa.<\/p>\n<p>El incremento ser\u00e1 seg\u00fan el presupuesto presentado por cada instituci\u00f3n educativa privada o fiscomisional, que depender\u00e1 de los gastos e inversi\u00f3n que ha realizado la instituci\u00f3n en materia educativa.<\/p>\n<p>El ministerio aclara que estos porcentajes pueden variar en tres rangos: Rango 3 hasta 10% de incremento, Rango 2 hasta 8% o Rango 1 hasta 5%.<\/p>\n<p>El Rango 3 es para las instituciones que no tengan excedente y destinen m\u00e1s del 70% de su presupuesto a la gesti\u00f3n educativa, es decir a pago de remuneraciones a directivos y docentes, generaci\u00f3n y funcionamiento de ambientes de aprendizaje y mantenimiento, operaci\u00f3n y reposici\u00f3n de infraestructura.<\/p>\n<p>El Rango 2 es para las escuelas o colegios que tengan menos del 5% de excedente y que destinen m\u00e1s de 60% y menos de 70% a la gesti\u00f3n educativa.<\/p>\n<p>El Rango 1 es para las unidades educativas que destinen m\u00e1s de 50% y menos de 60% a la gesti\u00f3n educativa.<\/p>\n<p>El ministro Espinosa inform\u00f3 que hay alrededor de 2.300 establecimientos educativos particulares en la Sierra y Amazonia. De ellos, han ingresado 1.200 solicitudes de revisi\u00f3n de matr\u00edculas y pensiones. \u201cEn la pr\u00e1ctica se han procesado todas aquellas solicitudes que han ingresado al Ministerio de Educaci\u00f3n\u201d, dijo el funcionario.<\/p>\n<p>De las 1.200 solicitudes, cerca de 530 establecimientos tienen incrementos autorizados en los distintos rangos y 49 presentaron apelaciones. Los que no solicitaron los incrementos, cerca de 1.100 instituciones, no tienen la autorizaci\u00f3n de aumentar matr\u00edculas y pensiones, por lo que seguir\u00e1n cobrando lo del a\u00f1o lectivo 2013-2014.<\/p>\n<p>En la p\u00e1gina web del ministerio est\u00e1 la informaci\u00f3n de cu\u00e1les son las que pueden hacer dichos incrementos, los que no constan en la lista no tienen autorizaci\u00f3n de hacer incrementos.<\/p>\n<p>Si es que un padre de familia detecta que alg\u00fan establecimiento est\u00e1 haciendo un cobro no autorizado, debe pedir al establecimiento la devoluci\u00f3n de los recursos pagados, que fueron cobros indebidos, y si no existe una respuesta afirmativa de la instituci\u00f3n educativa, entonces puede hacer la respectiva denuncia a trav\u00e9s de los distintos canales que tiene abiertos el ministerio.<\/p>\n<p>\u201cNosotros ordenamos la devoluci\u00f3n del dinero a los establecimientos educativos, ya operamos de esta manera el a\u00f1o pasado y efectivamente la respuesta ha sido positiva\u201d, a\u00f1adi\u00f3 Espinosa.<\/p>\n<p>En la misma l\u00ednea, Espinosa acot\u00f3 que est\u00e1 prohibido solicitar bonos a los padres de los estudiantes. \u201cLo que hemos descubierto es que algunas instituciones privadas, han creado una personer\u00eda jur\u00eddica adicional, una fundaci\u00f3n sin fines de lucro, entonces a los padres de familia les dicen que depositen en esa fundaci\u00f3n, como si fuese una contribuci\u00f3n voluntaria\u201d.<\/p>\n<p>\u201cNo trabajemos con esta idea de hecha la ley, hecha la trampa, todo tiene que ser parte de un proceso educativo y una de las cosas que debemos ense\u00f1ar a nuestros estudiantes es el respeto a la ley\u201d, sentenci\u00f3 Augusto Espinosa.<\/p>\n<p>Los colegios no deben cobrar m\u00e1s de 10 pensiones al a\u00f1o, en las que se incluye el valor por los meses de clases (septiembre a junio) y los meses de vacaciones (julio-agosto).<\/p>\n<p>Asimismo, el ministro de Educaci\u00f3n se\u00f1al\u00f3 que el valor de los uniformes, los \u00fatiles y textos escolares solicitados por las instituciones educativas del sistema privado no debe sobrepasar de 340 d\u00f3lares (un salario b\u00e1sico unificado). \u201cSe sancionar\u00e1 al establecimiento que no haya respetado este tope\u201d.<\/p>\n<p>Los 340 d\u00f3lares obedecen a un estudio con algunos casos de colegios emblem\u00e1ticos para satisfacer las necesidades de textos, \u00fatiles y uniformes escolares, con excepciones en algunos colegios con bachillerato internacional, porque suelen requerir de un texto adicional o tener alg\u00fan programa de idiomas como franc\u00e9s o lenguas ancestrales.<\/p>\n<p>Adem\u00e1s, estos establecimientos educativos pueden ser agente de cobro de servicios como alimentaci\u00f3n, transporte, ex\u00e1menes de bachillerato internacional, entre otros, pero no deben lucrar de estos servicios.<\/p>\n<p>El ministerio de Educaci\u00f3n ejerce rector\u00eda sobre el Sistema Educativo, de conformidad con la Constituci\u00f3n, por tanto es deber de esta cartera de Estado velar por el fiel cumplimiento de la normativa educativa que rige tanto para establecimientos fiscales como municipales, fiscomisionales y particulares. (Andes-Ecuadoraldia.com.ec)<\/p>\n","protected":false},"excerpt":{"rendered":"<p>El incremento de pensiones o matr\u00edculas para el a\u00f1o lectivo de los ciclos Sierra y Amazonia, que comenzar\u00e1 el pr\u00f3ximo<\/p>\n","protected":false},"author":1,"featured_media":0,"comment_status":"open","ping_status":"open","sticky":false,"template":"","format":"standard","meta":{"footnotes":""},"categories":[4],"tags":[],"_links":{"self":[{"href":"https:\/\/www.ecuadoraldia.com.ec\/index.php?rest_route=\/wp\/v2\/posts\/4713"}],"collection":[{"href":"https:\/\/www.ecuadoraldia.com.ec\/index.php?rest_route=\/wp\/v2\/posts"}],"about":[{"href":"https:\/\/www.ecuadoraldia.com.ec\/index.php?rest_route=\/wp\/v2\/types\/post"}],"author":[{"embeddable":true,"href":"https:\/\/www.ecuadoraldia.com.ec\/index.php?rest_route=\/wp\/v2\/users\/1"}],"replies":[{"embeddable":true,"href":"https:\/\/www.ecuadoraldia.com.ec\/index.php?rest_route=%2Fwp%2Fv2%2Fcomments&post=4713"}],"version-history":[{"count":1,"href":"https:\/\/www.ecuadoraldia.com.ec\/index.php?rest_route=\/wp\/v2\/posts\/4713\/revisions"}],"predecessor-version":[{"id":4715,"href":"https:\/\/www.ecuadoraldia.com.ec\/index.php?rest_route=\/wp\/v2\/posts\/4713\/revisions\/4715"}],"wp:attachment":[{"href":"https:\/\/www.ecuadoraldia.com.ec\/index.php?rest_route=%2Fwp%2Fv2%2Fmedia&parent=4713"}],"wp:term":[{"taxonomy":"category","embeddable":true,"href":"https:\/\/www.ecuadoraldia.com.ec\/index.php?rest_route=%2Fwp%2Fv2%2Fcategories&post=4713"},{"taxonomy":"post_tag","embeddable":true,"href":"https:\/\/www.ecuadoraldia.com.ec\/index.php?rest_route=%2Fwp%2Fv2%2Ftags&post=4713"}],"curies":[{"name":"wp","href":"https:\/\/api.w.org\/{rel}","templated":true}]}}