{"id":4716,"date":"2014-08-30T00:13:42","date_gmt":"2014-08-30T00:13:42","guid":{"rendered":"http:\/\/www.ecuadoraldia.com.ec\/?p=4716"},"modified":"2014-08-30T00:13:42","modified_gmt":"2014-08-30T00:13:42","slug":"gobierno-trasfiere-al-municipio-de-quito-terrenos-del-parque-itchimbia","status":"publish","type":"post","link":"https:\/\/www.ecuadoraldia.com.ec\/?p=4716","title":{"rendered":"Gobierno trasfiere al municipio de Quito terrenos del parque Itchimb\u00eda"},"content":{"rendered":"<p><a href=\"http:\/\/www.ecuadoraldia.com.ec\/wp-content\/uploads\/2014\/08\/itchim.jpg\"><img loading=\"lazy\" decoding=\"async\" class=\"alignleft size-medium wp-image-4717\" src=\"http:\/\/www.ecuadoraldia.com.ec\/wp-content\/uploads\/2014\/08\/itchim-300x210.jpg\" alt=\"itchim\" width=\"300\" height=\"210\" srcset=\"https:\/\/www.ecuadoraldia.com.ec\/wp-content\/uploads\/2014\/08\/itchim-300x210.jpg 300w, https:\/\/www.ecuadoraldia.com.ec\/wp-content\/uploads\/2014\/08\/itchim.jpg 390w\" sizes=\"(max-width: 300px) 100vw, 300px\" \/><\/a>El Gobierno ecuatoriano dispuso la transferencia al Municipio de Quito de 20 mil metros de terreno de propiedad del Banco Central en el sector del Itchimb\u00eda, donde se encuentra el Palacio de Cristal, una r\u00e9plica del mercado de Las Halles, en Par\u00eds, inform\u00f3 este viernes el secretario de Presidencia, Omar Simons.<\/p>\n<p>\u201cCon esto se cumple la pol\u00edtica permanente del Gobierno de tratar de darle la utilidad a propiedades en manos del Estado y que por sus caracter\u00edsticas creemos que deben ser mejor utilizadas. Conocen como fue la pol\u00edtica con bienes subutilizados con complejos de algunas instituciones p\u00fablicas y que ahora est\u00e1n abiertos para uso de la ciudadan\u00eda\u201d, dijo el funcionario en una rueda de prensa.<\/p>\n<p>Se trata de los terrenos donde se ubica el parque del Itchimb\u00eda, sitio frecuentado por la ciudadan\u00eda para actividades tur\u00edsticas, deportivas y esparcimiento.<\/p>\n<p>En el lugar tambi\u00e9n se localiza el \u2018Palacio de Cristal\u2019 una infraestructura importada originalmente de Hamburgo, en Alemania, durante el gobierno del l\u00edder de la revoluci\u00f3n liberal ecuatoriana, general Eloy Alfaro en 1889.<\/p>\n<p>Estos predios estuvieron en poder del Municipio de Quito en comodato (contrato de entrega gratuita de un inmueble durante cierto tiempo) desde 2004 y que gracias al decreto presidencial realizado el jueves ha sido transferido al cabildo.<\/p>\n<p>El secretario de Presidencia inform\u00f3 adem\u00e1s que est\u00e1 por firmarse un convenio con la alcald\u00eda capitalina para una transferencia de 15 millones de d\u00f3lares que servir\u00e1n para la compra de buses para la municipalidad.<\/p>\n<p>\u201cEn ning\u00fan caso es una recuperaci\u00f3n de fondos como lo ha dicho el se\u00f1or alcalde (Mauricio Rodas). Son fondos que siempre estuvieron en las cuentas municipales pero necesitaban de este convenio para ser utilizados\u201d, asever\u00f3.<\/p>\n<p>(Andes-Ecuadoraldia.com.ec)<\/p>\n","protected":false},"excerpt":{"rendered":"<p>El Gobierno ecuatoriano dispuso la transferencia al Municipio de Quito de 20 mil metros de terreno de propiedad del Banco<\/p>\n","protected":false},"author":1,"featured_media":0,"comment_status":"open","ping_status":"open","sticky":false,"template":"","format":"standard","meta":{"footnotes":""},"categories":[14],"tags":[],"_links":{"self":[{"href":"https:\/\/www.ecuadoraldia.com.ec\/index.php?rest_route=\/wp\/v2\/posts\/4716"}],"collection":[{"href":"https:\/\/www.ecuadoraldia.com.ec\/index.php?rest_route=\/wp\/v2\/posts"}],"about":[{"href":"https:\/\/www.ecuadoraldia.com.ec\/index.php?rest_route=\/wp\/v2\/types\/post"}],"author":[{"embeddable":true,"href":"https:\/\/www.ecuadoraldia.com.ec\/index.php?rest_route=\/wp\/v2\/users\/1"}],"replies":[{"embeddable":true,"href":"https:\/\/www.ecuadoraldia.com.ec\/index.php?rest_route=%2Fwp%2Fv2%2Fcomments&post=4716"}],"version-history":[{"count":1,"href":"https:\/\/www.ecuadoraldia.com.ec\/index.php?rest_route=\/wp\/v2\/posts\/4716\/revisions"}],"predecessor-version":[{"id":4718,"href":"https:\/\/www.ecuadoraldia.com.ec\/index.php?rest_route=\/wp\/v2\/posts\/4716\/revisions\/4718"}],"wp:attachment":[{"href":"https:\/\/www.ecuadoraldia.com.ec\/index.php?rest_route=%2Fwp%2Fv2%2Fmedia&parent=4716"}],"wp:term":[{"taxonomy":"category","embeddable":true,"href":"https:\/\/www.ecuadoraldia.com.ec\/index.php?rest_route=%2Fwp%2Fv2%2Fcategories&post=4716"},{"taxonomy":"post_tag","embeddable":true,"href":"https:\/\/www.ecuadoraldia.com.ec\/index.php?rest_route=%2Fwp%2Fv2%2Ftags&post=4716"}],"curies":[{"name":"wp","href":"https:\/\/api.w.org\/{rel}","templated":true}]}}