{"id":4719,"date":"2014-08-30T00:15:39","date_gmt":"2014-08-30T00:15:39","guid":{"rendered":"http:\/\/www.ecuadoraldia.com.ec\/?p=4719"},"modified":"2014-08-30T00:15:39","modified_gmt":"2014-08-30T00:15:39","slug":"futbolistas-de-chile-y-venezuela-arribaron-al-pais-para-la-copa-america-2014","status":"publish","type":"post","link":"https:\/\/www.ecuadoraldia.com.ec\/?p=4719","title":{"rendered":"Futbolistas de Chile y Venezuela arribaron al Pa\u00eds   para la Copa Am\u00e9rica 2014"},"content":{"rendered":"<p><a href=\"http:\/\/www.ecuadoraldia.com.ec\/wp-content\/uploads\/2014\/08\/chile_anfp.jpg\"><img loading=\"lazy\" decoding=\"async\" class=\"alignleft size-full wp-image-4720\" src=\"http:\/\/www.ecuadoraldia.com.ec\/wp-content\/uploads\/2014\/08\/chile_anfp.jpg\" alt=\"chile_anfp\" width=\"296\" height=\"166\" \/><\/a>La selecciones femeninas de f\u00fatbol de Venezuela y Chile se encuentran en Ecuador, para participar en la VII Copa Am\u00e9rica 2014, que se jugar\u00e1 del 11 al 28 de septiembre en siete ciudades andinas.<\/p>\n<p>Las seleccionadas chilenas, encabezadas por el t\u00e9cnico Ronnie Radonich, entrenar\u00e1n en el estadio de la localidad de Paute, en la provincia del Azuay y cercana a Cuenca, donde est\u00e1n hospedadas.<\/p>\n<p>\u201cVamos con los objetivos claros y nos hemos preparado de muy buena manera. Es importante destacar que esto no es solamente un equipo, sino que estamos hablando de un plantel con jugadoras muy capacitadas para asumir responsabilidades\u201d, dijo Radonich, en declaraciones a la prensa chilena antes de emprender viaje a la \u201cmitad del mundo\u201d.<\/p>\n<p>De su lado, los directivos de Venezuela informaron que la llegada de las futbolistas a la capital ecuatoriana con 15 d\u00edas de antelaci\u00f3n permitir\u00e1 una mejor adaptaci\u00f3n a las condiciones del escenario de competencias. El certamen continental se efectuar\u00e1 en sedes de altitud.<\/p>\n<p>Venezuela se entrenar\u00e1 en el complejo de Tumbaco, de propiedad del club El Nacional (oriente de Quito), y se hospedar\u00e1 en un hotel quite\u00f1o.<\/p>\n<p>Venezuela jugar\u00e1 en el grupo A junto a las selecciones de Ecuador, Colombia, Uruguay y Per\u00fa, que disputar\u00e1n los partidos de la primera fase en las ciudades de Riobamba, Ambato y Latacunga (centro andino).<\/p>\n<p>Mientras que el grupo B est\u00e1 conformado por Brasil, Paraguay, Chile, Argentina y Bolivia con sede en Loja, Cuenca y Azogues (sur andino).<\/p>\n<p>Asimismo, el comit\u00e9 organizador de la Copa Am\u00e9rica de f\u00fatbol femenino se\u00f1al\u00f3 a Andes que la selecci\u00f3n de Per\u00fa tiene previsto arribar el pr\u00f3ximo lunes al pa\u00eds.<\/p>\n<p>En torneo otorgar\u00e1 al campe\u00f3n un cupo para los Juegos Ol\u00edmpicos de R\u00edo de Janeiro 2016 o al subcampe\u00f3n si el vencedor es Brasil. Adem\u00e1s, dos plazas son para la Copa Mundial Femenina de F\u00fatbol Canad\u00e1 2015 y los cuatro mejores equipos clasificar\u00e1n a los Juegos Panamericanos del pr\u00f3ximo a\u00f1o a celebrarse en Toronto.<\/p>\n<p>Las chilenas llegaron a Quito la noche del pasado martes y el mi\u00e9rcoles viajaron rumbo a la ciudad de Cuenca, donde tienen su cuartel para afrontar el Grupo B. Mientras que la Vinotinto arrib\u00f3 el mi\u00e9rcoles a la capital donde entrenan y esperan sus compromisos. (Andes-Ecuadoraldia.com.ec)<\/p>\n","protected":false},"excerpt":{"rendered":"<p>La selecciones femeninas de f\u00fatbol de Venezuela y Chile se encuentran en Ecuador, para participar en la VII Copa Am\u00e9rica<\/p>\n","protected":false},"author":1,"featured_media":0,"comment_status":"open","ping_status":"open","sticky":false,"template":"","format":"standard","meta":{"footnotes":""},"categories":[10],"tags":[],"_links":{"self":[{"href":"https:\/\/www.ecuadoraldia.com.ec\/index.php?rest_route=\/wp\/v2\/posts\/4719"}],"collection":[{"href":"https:\/\/www.ecuadoraldia.com.ec\/index.php?rest_route=\/wp\/v2\/posts"}],"about":[{"href":"https:\/\/www.ecuadoraldia.com.ec\/index.php?rest_route=\/wp\/v2\/types\/post"}],"author":[{"embeddable":true,"href":"https:\/\/www.ecuadoraldia.com.ec\/index.php?rest_route=\/wp\/v2\/users\/1"}],"replies":[{"embeddable":true,"href":"https:\/\/www.ecuadoraldia.com.ec\/index.php?rest_route=%2Fwp%2Fv2%2Fcomments&post=4719"}],"version-history":[{"count":1,"href":"https:\/\/www.ecuadoraldia.com.ec\/index.php?rest_route=\/wp\/v2\/posts\/4719\/revisions"}],"predecessor-version":[{"id":4721,"href":"https:\/\/www.ecuadoraldia.com.ec\/index.php?rest_route=\/wp\/v2\/posts\/4719\/revisions\/4721"}],"wp:attachment":[{"href":"https:\/\/www.ecuadoraldia.com.ec\/index.php?rest_route=%2Fwp%2Fv2%2Fmedia&parent=4719"}],"wp:term":[{"taxonomy":"category","embeddable":true,"href":"https:\/\/www.ecuadoraldia.com.ec\/index.php?rest_route=%2Fwp%2Fv2%2Fcategories&post=4719"},{"taxonomy":"post_tag","embeddable":true,"href":"https:\/\/www.ecuadoraldia.com.ec\/index.php?rest_route=%2Fwp%2Fv2%2Ftags&post=4719"}],"curies":[{"name":"wp","href":"https:\/\/api.w.org\/{rel}","templated":true}]}}