{"id":4725,"date":"2014-08-30T00:28:02","date_gmt":"2014-08-30T00:28:02","guid":{"rendered":"http:\/\/www.ecuadoraldia.com.ec\/?p=4725"},"modified":"2014-08-30T00:28:02","modified_gmt":"2014-08-30T00:28:02","slug":"seguro-campesino-debe-enfocarse-en-mejorar-las-jubilaciones-para-este-sector","status":"publish","type":"post","link":"https:\/\/www.ecuadoraldia.com.ec\/?p=4725","title":{"rendered":"Seguro campesino debe enfocarse en  mejorar las jubilaciones para este sector"},"content":{"rendered":"<p><a href=\"http:\/\/www.ecuadoraldia.com.ec\/wp-content\/uploads\/2014\/08\/Seguro-campesino.jpg\"><img loading=\"lazy\" decoding=\"async\" class=\"alignleft size-medium wp-image-4726\" src=\"http:\/\/www.ecuadoraldia.com.ec\/wp-content\/uploads\/2014\/08\/Seguro-campesino-300x198.jpg\" alt=\"Seguro campesino\" width=\"300\" height=\"198\" srcset=\"https:\/\/www.ecuadoraldia.com.ec\/wp-content\/uploads\/2014\/08\/Seguro-campesino-300x198.jpg 300w, https:\/\/www.ecuadoraldia.com.ec\/wp-content\/uploads\/2014\/08\/Seguro-campesino.jpg 450w\" sizes=\"(max-width: 300px) 100vw, 300px\" \/><\/a>El presidente Rafael Correa llam\u00f3 a campesinos y pescadores artesanales a \u00abno tener miedo al cambio\u00bb para alcanzar el Buen Vivir. Sus declaraciones se dieron en el marco del VI Encuentro Intercultural del Seguro Social Campesino, que cumple 46 a\u00f1os de vigencia. En el encuentro estaba previsto el di\u00e1logo sobre un plan de fortalecimiento de este sector.<\/p>\n<p>En su discurso, el Mandatario expuso que en el a\u00f1o 2006 este Seguro contaba con 840.808 afiliados, pero que recib\u00edan servicios precarios. En la actualidad hay un total de 1&#8217;177.731 afiliados en todo el pa\u00eds, atendidos en 658 dispensarios, dijo.<\/p>\n<p>En 2006 los jubilados campesinos eran 24.880, mientras que en 2014 \u00e9stos ascienden a 55.272.<\/p>\n<p>El Jefe de Estado tambi\u00e9n abord\u00f3 la necesidad de mejorar las pensiones en el sector rural hasta equipararlas al urbano.<\/p>\n<p>Correa explic\u00f3 que al iniciar su gobierno (2007) se encontr\u00f3 que la pensi\u00f3n por jubilaci\u00f3n campesina era de apenas $3. \u00abEra evidente que a la partidocracia no le importaba nuestros campesinos jubilados\u00bb, sostuvo al indicar que aunque se ha avanzado much\u00edsimo, pues en la actualidad esa pensi\u00f3n es de $ 57, esta es casi equivalente al Bono de Desarrollo Humano (BDH) y eso \u00abtodav\u00eda nos da verg\u00fcenza\u00bb, por lo que inst\u00f3 a las autoridades a trabajar en conjunto y coordinadamente para enfocarse en mejorar esas jubilaciones.<\/p>\n<p>\u00abSobre todo debemos enfocarnos en mejorar sustantivamente esas jubilaciones para el sector campesino y peecador artesanal\u00bb, apunt\u00f3 el Jefe de Estado. Tambi\u00e9n llam\u00f3 a hacer una reestructuraci\u00f3n de la salud p\u00fablica en las zonas rurales.<\/p>\n<p>Tras reiterar el compromiso de su gobierno de aumentar sustantivamente el nivel de vida de los campesinos y pescadores, el gobernante dijo que proteger\u00e1 la producci\u00f3n nacional por encima de todo.<\/p>\n<p>\u00abNo vamos a permitir que los bienes subsidiados del exterior vengan ac\u00e1\u00bb, expres\u00f3 Correa, quien recalc\u00f3 que el reciente acuerdo comercial firmado con la Uni\u00f3n Europea no es un Tratado de Libre Comercio como el rubricado por los vecinos Colombia y Per\u00fa con Estados Unidos.<\/p>\n<p>\u00abEstablecimos l\u00edneas rojas que no hemos traspasado, y hay protecci\u00f3n para los peque\u00f1os campesinos, la peque\u00f1a producci\u00f3n agr\u00edcola nacional\u00bb, se\u00f1al\u00f3.<\/p>\n<p>&nbsp;<\/p>\n","protected":false},"excerpt":{"rendered":"<p>El presidente Rafael Correa llam\u00f3 a campesinos y pescadores artesanales a \u00abno tener miedo al cambio\u00bb para alcanzar el Buen<\/p>\n","protected":false},"author":1,"featured_media":0,"comment_status":"open","ping_status":"open","sticky":false,"template":"","format":"standard","meta":{"footnotes":""},"categories":[11],"tags":[],"_links":{"self":[{"href":"https:\/\/www.ecuadoraldia.com.ec\/index.php?rest_route=\/wp\/v2\/posts\/4725"}],"collection":[{"href":"https:\/\/www.ecuadoraldia.com.ec\/index.php?rest_route=\/wp\/v2\/posts"}],"about":[{"href":"https:\/\/www.ecuadoraldia.com.ec\/index.php?rest_route=\/wp\/v2\/types\/post"}],"author":[{"embeddable":true,"href":"https:\/\/www.ecuadoraldia.com.ec\/index.php?rest_route=\/wp\/v2\/users\/1"}],"replies":[{"embeddable":true,"href":"https:\/\/www.ecuadoraldia.com.ec\/index.php?rest_route=%2Fwp%2Fv2%2Fcomments&post=4725"}],"version-history":[{"count":1,"href":"https:\/\/www.ecuadoraldia.com.ec\/index.php?rest_route=\/wp\/v2\/posts\/4725\/revisions"}],"predecessor-version":[{"id":4727,"href":"https:\/\/www.ecuadoraldia.com.ec\/index.php?rest_route=\/wp\/v2\/posts\/4725\/revisions\/4727"}],"wp:attachment":[{"href":"https:\/\/www.ecuadoraldia.com.ec\/index.php?rest_route=%2Fwp%2Fv2%2Fmedia&parent=4725"}],"wp:term":[{"taxonomy":"category","embeddable":true,"href":"https:\/\/www.ecuadoraldia.com.ec\/index.php?rest_route=%2Fwp%2Fv2%2Fcategories&post=4725"},{"taxonomy":"post_tag","embeddable":true,"href":"https:\/\/www.ecuadoraldia.com.ec\/index.php?rest_route=%2Fwp%2Fv2%2Ftags&post=4725"}],"curies":[{"name":"wp","href":"https:\/\/api.w.org\/{rel}","templated":true}]}}