{"id":4728,"date":"2014-08-30T00:30:19","date_gmt":"2014-08-30T00:30:19","guid":{"rendered":"http:\/\/www.ecuadoraldia.com.ec\/?p=4728"},"modified":"2014-08-30T00:30:19","modified_gmt":"2014-08-30T00:30:19","slug":"argentina-celebra-propuesta-del-g-77-a-la-onu-sobre-reestructuracion-de-deuda","status":"publish","type":"post","link":"https:\/\/www.ecuadoraldia.com.ec\/?p=4728","title":{"rendered":"Argentina celebra propuesta del G-77 a la ONU sobre reestructuraci\u00f3n de deuda"},"content":{"rendered":"<p><a href=\"http:\/\/www.ecuadoraldia.com.ec\/wp-content\/uploads\/2014\/08\/argentina.jpg\"><img loading=\"lazy\" decoding=\"async\" class=\"alignleft size-medium wp-image-4729\" src=\"http:\/\/www.ecuadoraldia.com.ec\/wp-content\/uploads\/2014\/08\/argentina-300x198.jpg\" alt=\"argentina\" width=\"300\" height=\"198\" srcset=\"https:\/\/www.ecuadoraldia.com.ec\/wp-content\/uploads\/2014\/08\/argentina-300x198.jpg 300w, https:\/\/www.ecuadoraldia.com.ec\/wp-content\/uploads\/2014\/08\/argentina.jpg 450w\" sizes=\"(max-width: 300px) 100vw, 300px\" \/><\/a>Agencia T\u00e9lam. El canciller y ministro de Econom\u00eda de Argentina, H\u00e9ctor Timerman y Axel Kicillof, respectivamente, anunciaron que el G-77+ China presentar\u00e1 un proyecto ante la Naciones Unidas para establecer un marco regulatorio sobre el proceso de reestructuraci\u00f3n de deuda soberana, a partir de una iniciativa impulsada por Argentina a ra\u00edz del litigio que el pa\u00eds enfrenta por ese tema litigio con los fondos buitre.<\/p>\n<p>Timerman adelant\u00f3 que el 9 de septiembre pr\u00f3ximo, en el marco de la Asamblea General de las Naciones Unidas, se dar\u00e1 un debate sobre la necesidad de contar con una Convenci\u00f3n para la reestructuraci\u00f3n de deuda soberana, a partir de la iniciativa que presentar\u00e1 este grupo conformado por m\u00e1s de 130 pa\u00edses.<\/p>\n<p>El objetivo de la discusi\u00f3n es la concreci\u00f3n de una \u201cconvenci\u00f3n para resolver en forma justa, equitativa y no bajo amenazas de un sistema que pueda establecer un juez o un pa\u00eds, sino en base a lo que resuelvan todos los estados miembros de las Naciones Unidas\u00bb los procesos de reestructuraci\u00f3n de deuda soberana, agreg\u00f3 el canciller.<\/p>\n<p>En una conferencia de prensa que se extendi\u00f3 por espacio de casi 80 minutos, que se celebr\u00f3 en Casa de Gobierno, Timerman se\u00f1al\u00f3 que Argentina propondr\u00e1 a -trav\u00e9s del G-77+ China- negociar una convenci\u00f3n multilateral para dar \u00abmarco jur\u00eddico a los procesos de renegociaci\u00f3n de las deudas soberanas\u00bb con el fin de hacer sostenible el sistema financiero internacional y permitir el crecimiento de los pa\u00edses endeudados.<\/p>\n<p>El canciller detall\u00f3 que existen 75 billones de d\u00f3lares en deuda global, por lo que el proyecto que se presentar\u00e1 a la comunidad internacional, ayudar\u00e1 a que muchos pa\u00edses no tengan el mismo problema que enfrenta en la actualidad Argentina.<\/p>\n<p>Kicillof, por su parte, dijo que \u00abtal como en los sistemas jur\u00eddicos de todos los pa\u00edses, cuando hay quiebras en el sector privado y se convoca a acreedores, sucede que si dos tercios toman una decisi\u00f3n, los dem\u00e1s deben aceptar\u00bb y que el eje de la iniciativa tendr\u00e1 a ese cuesti\u00f3n como uno de sus ejes.<\/p>\n<p>En ese sentido, el funcionario explic\u00f3 que, en caso contrario -como sucede en la actualidad con Argentina- \u00abun s\u00f3lo acreedor puede tirar abajo la reestructuraci\u00f3n\u201d llevada adelante a partir del fallo tomado por el juez neoyorquino Thomas Griesa.<\/p>\n","protected":false},"excerpt":{"rendered":"<p>Agencia T\u00e9lam. El canciller y ministro de Econom\u00eda de Argentina, H\u00e9ctor Timerman y Axel Kicillof, respectivamente, anunciaron que el G-77+<\/p>\n","protected":false},"author":1,"featured_media":0,"comment_status":"open","ping_status":"open","sticky":false,"template":"","format":"standard","meta":{"footnotes":""},"categories":[7],"tags":[],"_links":{"self":[{"href":"https:\/\/www.ecuadoraldia.com.ec\/index.php?rest_route=\/wp\/v2\/posts\/4728"}],"collection":[{"href":"https:\/\/www.ecuadoraldia.com.ec\/index.php?rest_route=\/wp\/v2\/posts"}],"about":[{"href":"https:\/\/www.ecuadoraldia.com.ec\/index.php?rest_route=\/wp\/v2\/types\/post"}],"author":[{"embeddable":true,"href":"https:\/\/www.ecuadoraldia.com.ec\/index.php?rest_route=\/wp\/v2\/users\/1"}],"replies":[{"embeddable":true,"href":"https:\/\/www.ecuadoraldia.com.ec\/index.php?rest_route=%2Fwp%2Fv2%2Fcomments&post=4728"}],"version-history":[{"count":1,"href":"https:\/\/www.ecuadoraldia.com.ec\/index.php?rest_route=\/wp\/v2\/posts\/4728\/revisions"}],"predecessor-version":[{"id":4730,"href":"https:\/\/www.ecuadoraldia.com.ec\/index.php?rest_route=\/wp\/v2\/posts\/4728\/revisions\/4730"}],"wp:attachment":[{"href":"https:\/\/www.ecuadoraldia.com.ec\/index.php?rest_route=%2Fwp%2Fv2%2Fmedia&parent=4728"}],"wp:term":[{"taxonomy":"category","embeddable":true,"href":"https:\/\/www.ecuadoraldia.com.ec\/index.php?rest_route=%2Fwp%2Fv2%2Fcategories&post=4728"},{"taxonomy":"post_tag","embeddable":true,"href":"https:\/\/www.ecuadoraldia.com.ec\/index.php?rest_route=%2Fwp%2Fv2%2Ftags&post=4728"}],"curies":[{"name":"wp","href":"https:\/\/api.w.org\/{rel}","templated":true}]}}