{"id":4731,"date":"2014-08-30T00:34:09","date_gmt":"2014-08-30T00:34:09","guid":{"rendered":"http:\/\/www.ecuadoraldia.com.ec\/?p=4731"},"modified":"2014-08-30T00:34:09","modified_gmt":"2014-08-30T00:34:09","slug":"china-telecom-primera-empresa-registrada-para-trabajar-en-yachay","status":"publish","type":"post","link":"https:\/\/www.ecuadoraldia.com.ec\/?p=4731","title":{"rendered":"China Telecom, primera empresa registrada para trabajar en Yachay"},"content":{"rendered":"<p><a href=\"http:\/\/www.ecuadoraldia.com.ec\/wp-content\/uploads\/2014\/08\/telecom-china.jpg\"><img loading=\"lazy\" decoding=\"async\" class=\"alignleft size-medium wp-image-4732\" src=\"http:\/\/www.ecuadoraldia.com.ec\/wp-content\/uploads\/2014\/08\/telecom-china-300x214.jpg\" alt=\"telecom china\" width=\"300\" height=\"214\" srcset=\"https:\/\/www.ecuadoraldia.com.ec\/wp-content\/uploads\/2014\/08\/telecom-china-300x214.jpg 300w, https:\/\/www.ecuadoraldia.com.ec\/wp-content\/uploads\/2014\/08\/telecom-china.jpg 450w\" sizes=\"(max-width: 300px) 100vw, 300px\" \/><\/a>El pasado 21 de agosto la empresa China Telecom recibi\u00f3 la resoluci\u00f3n de la Superintendencia de Compa\u00f1\u00edas que autoriza el establecimiento de esta filial extranjera en Ecuador. Adem\u00e1s, ya cuenta con la inscripci\u00f3n en el Registro de la Propiedad del cant\u00f3n Urcuqu\u00ed. Todo esto, tras el memorando de entendimiento para la implementaci\u00f3n de su Sede Regional en la Ciudad del Conocimiento firmado el 27 de marzo pasado.<\/p>\n<p>China Telecom crear\u00e1 en Yachay un Centro de Innovaci\u00f3n para responder a las necesidades de Am\u00e9rica Latina mediante el desarrollo de las Tecnolog\u00edas de Informaci\u00f3n y Comunicaci\u00f3n (TICs) e investigaciones en este \u00e1mbito. Es una las mejores empresas del mundo, seg\u00fan el escalaf\u00f3n de Top Fortune 500 Global Corporations y tiene presencia en 35 pa\u00edses. Actualmente cuenta con 3 institutos de Investigaci\u00f3n y Desarrollo en Beijing, Shanghai y Guangzhou.<\/p>\n<p>La firma aspira a convertirse en la primera empresa extranjera en calificar como operador de inversi\u00f3n en la Zona Especial de Desarrollo Econ\u00f3mico (ZEDE) de Yachay.<\/p>\n<p>\u00abNuestra visi\u00f3n de trabajo es desarrollar proyectos de innovaci\u00f3n tecnol\u00f3gica, que nos permitan exportar productos finales y su capacidad a otras instancias del mismo Estado ecuatoriano\u00bb, sostuvo el representante de China Telecom para Am\u00e9rica, Luis Fiallo, en una carta dirigida a H\u00e9ctor Rodr\u00edguez, gerente general de Yachay EP.<\/p>\n<p>De su lado, H\u00e9ctor Rodr\u00edguez se\u00f1al\u00f3 que \u00abeste es el primer socio que se instala en la Ciudad del Conocimiento y estamos contentos por la confianza\u00bb. El telegrafo<\/p>\n","protected":false},"excerpt":{"rendered":"<p>El pasado 21 de agosto la empresa China Telecom recibi\u00f3 la resoluci\u00f3n de la Superintendencia de Compa\u00f1\u00edas que autoriza el<\/p>\n","protected":false},"author":1,"featured_media":0,"comment_status":"open","ping_status":"open","sticky":false,"template":"","format":"standard","meta":{"footnotes":""},"categories":[1],"tags":[],"_links":{"self":[{"href":"https:\/\/www.ecuadoraldia.com.ec\/index.php?rest_route=\/wp\/v2\/posts\/4731"}],"collection":[{"href":"https:\/\/www.ecuadoraldia.com.ec\/index.php?rest_route=\/wp\/v2\/posts"}],"about":[{"href":"https:\/\/www.ecuadoraldia.com.ec\/index.php?rest_route=\/wp\/v2\/types\/post"}],"author":[{"embeddable":true,"href":"https:\/\/www.ecuadoraldia.com.ec\/index.php?rest_route=\/wp\/v2\/users\/1"}],"replies":[{"embeddable":true,"href":"https:\/\/www.ecuadoraldia.com.ec\/index.php?rest_route=%2Fwp%2Fv2%2Fcomments&post=4731"}],"version-history":[{"count":1,"href":"https:\/\/www.ecuadoraldia.com.ec\/index.php?rest_route=\/wp\/v2\/posts\/4731\/revisions"}],"predecessor-version":[{"id":4733,"href":"https:\/\/www.ecuadoraldia.com.ec\/index.php?rest_route=\/wp\/v2\/posts\/4731\/revisions\/4733"}],"wp:attachment":[{"href":"https:\/\/www.ecuadoraldia.com.ec\/index.php?rest_route=%2Fwp%2Fv2%2Fmedia&parent=4731"}],"wp:term":[{"taxonomy":"category","embeddable":true,"href":"https:\/\/www.ecuadoraldia.com.ec\/index.php?rest_route=%2Fwp%2Fv2%2Fcategories&post=4731"},{"taxonomy":"post_tag","embeddable":true,"href":"https:\/\/www.ecuadoraldia.com.ec\/index.php?rest_route=%2Fwp%2Fv2%2Ftags&post=4731"}],"curies":[{"name":"wp","href":"https:\/\/api.w.org\/{rel}","templated":true}]}}