{"id":4763,"date":"2014-09-01T21:26:33","date_gmt":"2014-09-01T21:26:33","guid":{"rendered":"http:\/\/www.ecuadoraldia.com.ec\/?p=4763"},"modified":"2014-09-01T21:26:33","modified_gmt":"2014-09-01T21:26:33","slug":"incendios-forestales-arrasaron-545-hectareas-en-2-meses","status":"publish","type":"post","link":"https:\/\/www.ecuadoraldia.com.ec\/?p=4763","title":{"rendered":"Incendios forestales arrasaron 545 hect\u00e1reas en 2 meses"},"content":{"rendered":"<p><a href=\"http:\/\/www.ecuadoraldia.com.ec\/wp-content\/uploads\/2014\/09\/incendiuos.jpg\"><img loading=\"lazy\" decoding=\"async\" class=\"alignleft size-medium wp-image-4764\" src=\"http:\/\/www.ecuadoraldia.com.ec\/wp-content\/uploads\/2014\/09\/incendiuos-300x196.jpg\" alt=\"incendiuos\" width=\"300\" height=\"196\" srcset=\"https:\/\/www.ecuadoraldia.com.ec\/wp-content\/uploads\/2014\/09\/incendiuos-300x196.jpg 300w, https:\/\/www.ecuadoraldia.com.ec\/wp-content\/uploads\/2014\/09\/incendiuos.jpg 405w\" sizes=\"(max-width: 300px) 100vw, 300px\" \/><\/a>El comandante del Cuerpo de Bomberos de Quito,\u00c9lber Arroyo, inform\u00f3 que desde el 26 de junio hasta 1 de septiembre se quemaron 545 hect\u00e1reas.<\/p>\n<p>La entidad registr\u00f3 1.469 eventos, entre quemas agr\u00edcolas, de basura y conatos de incendios forestales. En total, los bomberos atendieron 38 incendios forestales, que se produjeron dentro de las zonales Los Chillos, Tumbaco, Manuela S\u00e1enz y Eloy Alfaro.<\/p>\n<p>Producto de los incendios, el bombero Pa\u00fal Taipe result\u00f3 herido con un trauma facial.<\/p>\n<p>Arroyo se\u00f1al\u00f3 que el 95% de los incendios son provocados y est\u00e1n directamente relacionados a las actividades humanas, en ning\u00fan caso se determin\u00f3 como causa natural de incendios forestales.<\/p>\n<p>El incendio del cerro Ilal\u00f3, seg\u00fan el Cuerpo de Bomberos, a\u00fan no ha sido aplacado. 110 hect\u00e1reas se quemaron en este incendio.<\/p>\n<p>Otro incendio se mantiene latente en Checa, a 400 metros de la hacienda de Santa Teresita, en la zona Aglla. Se considera como una zona de dif\u00edcil acceso y en algunos minutos personal de la Secretar\u00eda Nacional de Gesti\u00f3n de Riesgos (SNGR) realizar\u00e1n un sobrevuelo para constatar la situaci\u00f3n de esta zona. Se estima que la zona afectada sea aproximadamente de 3 hect\u00e1reas.<\/p>\n","protected":false},"excerpt":{"rendered":"<p>El comandante del Cuerpo de Bomberos de Quito,\u00c9lber Arroyo, inform\u00f3 que desde el 26 de junio hasta 1 de septiembre<\/p>\n","protected":false},"author":1,"featured_media":0,"comment_status":"open","ping_status":"open","sticky":false,"template":"","format":"standard","meta":{"footnotes":""},"categories":[14],"tags":[],"_links":{"self":[{"href":"https:\/\/www.ecuadoraldia.com.ec\/index.php?rest_route=\/wp\/v2\/posts\/4763"}],"collection":[{"href":"https:\/\/www.ecuadoraldia.com.ec\/index.php?rest_route=\/wp\/v2\/posts"}],"about":[{"href":"https:\/\/www.ecuadoraldia.com.ec\/index.php?rest_route=\/wp\/v2\/types\/post"}],"author":[{"embeddable":true,"href":"https:\/\/www.ecuadoraldia.com.ec\/index.php?rest_route=\/wp\/v2\/users\/1"}],"replies":[{"embeddable":true,"href":"https:\/\/www.ecuadoraldia.com.ec\/index.php?rest_route=%2Fwp%2Fv2%2Fcomments&post=4763"}],"version-history":[{"count":1,"href":"https:\/\/www.ecuadoraldia.com.ec\/index.php?rest_route=\/wp\/v2\/posts\/4763\/revisions"}],"predecessor-version":[{"id":4765,"href":"https:\/\/www.ecuadoraldia.com.ec\/index.php?rest_route=\/wp\/v2\/posts\/4763\/revisions\/4765"}],"wp:attachment":[{"href":"https:\/\/www.ecuadoraldia.com.ec\/index.php?rest_route=%2Fwp%2Fv2%2Fmedia&parent=4763"}],"wp:term":[{"taxonomy":"category","embeddable":true,"href":"https:\/\/www.ecuadoraldia.com.ec\/index.php?rest_route=%2Fwp%2Fv2%2Fcategories&post=4763"},{"taxonomy":"post_tag","embeddable":true,"href":"https:\/\/www.ecuadoraldia.com.ec\/index.php?rest_route=%2Fwp%2Fv2%2Ftags&post=4763"}],"curies":[{"name":"wp","href":"https:\/\/api.w.org\/{rel}","templated":true}]}}