{"id":4771,"date":"2014-09-01T21:39:39","date_gmt":"2014-09-01T21:39:39","guid":{"rendered":"http:\/\/www.ecuadoraldia.com.ec\/?p=4771"},"modified":"2014-09-01T21:39:39","modified_gmt":"2014-09-01T21:39:39","slug":"castro-critica-politica-ridicula-del-imperio-norteamericano-y-destaca-pujanza-de-china-y-rusia","status":"publish","type":"post","link":"https:\/\/www.ecuadoraldia.com.ec\/?p=4771","title":{"rendered":"Castro critica pol\u00edtica \u00abrid\u00edcula\u00bb del imperio norteamericano y destaca pujanza de China y Rusia"},"content":{"rendered":"<p><a href=\"http:\/\/www.ecuadoraldia.com.ec\/wp-content\/uploads\/2014\/09\/Fidel-castro-Ruz.jpg\"><img loading=\"lazy\" decoding=\"async\" class=\"alignleft size-medium wp-image-4772\" src=\"http:\/\/www.ecuadoraldia.com.ec\/wp-content\/uploads\/2014\/09\/Fidel-castro-Ruz-300x225.jpg\" alt=\"Fidel castro Ruz\" width=\"300\" height=\"225\" srcset=\"https:\/\/www.ecuadoraldia.com.ec\/wp-content\/uploads\/2014\/09\/Fidel-castro-Ruz-300x225.jpg 300w, https:\/\/www.ecuadoraldia.com.ec\/wp-content\/uploads\/2014\/09\/Fidel-castro-Ruz.jpg 580w\" sizes=\"(max-width: 300px) 100vw, 300px\" \/><\/a>AFP. Quito, 1 sep (Andes).- La rid\u00edcula pol\u00edtica del imperio no tardar\u00e1 en pasar al basurero de la historia y el euro, al igual que el d\u00f3lar, est\u00e1n llamados a depender del yuan y los rublos, ante la pujante econom\u00eda de China y Rusia, escribi\u00f3 el l\u00edder hist\u00f3rico de la Revoluci\u00f3n Cubana, Fidel Castro Ruz en un art\u00edculo publicado este lunes.<\/p>\n<p>El exmandatario cubano tambi\u00e9n critic\u00f3 el \u00abcinismo\u00bb de la pol\u00edtica belicista de Estados Unidos y la Uni\u00f3n Europea y compar\u00f3 a la OTAN (Organizaci\u00f3n del Tratado del Atl\u00e1ntico Norte) con las SS nazis.<\/p>\n<p>\u201cLa pol\u00edtica del imperio es tan dram\u00e1ticamente rid\u00edcula que no tardar\u00e1 mucho en pasar al basurero de la historia (\u2026) con su euro, que al igual que el d\u00f3lar, no tardar\u00e1 en convertirse en papel mojado, llamado a depender del yuan y tambi\u00e9n de los rublos, ante la pujante econom\u00eda china estrechamente unida al enorme potencial econ\u00f3mico y t\u00e9cnico de Rusia\u201d, escribi\u00f3 Castro, en un art\u00edculo publicado en el diario cubano Granma.<\/p>\n<p>Despu\u00e9s de comandar el triunfo de la Revoluci\u00f3n Cubana, en enero de 1959, Fidel Castro dirigi\u00f3 la isla hasta 2008, cuando por problemas en su salud deleg\u00f3 el poder a su hermano Ra\u00fal, de acuerdo a la l\u00ednea de mando de la Constituci\u00f3n cubana. Desde entonces, el exmandatario se ha dedicado a la reflexi\u00f3n cr\u00edtica de la sociedad.<\/p>\n<p>\u201cSi hoy resulta posible prolongar la vida, la salud y el tiempo \u00fatil de las personas, si es perfectamente posible planificar el desarrollo de la poblaci\u00f3n en virtud de la productividad creciente, la cultura y desarrollo de los valores humanos \u00bfQu\u00e9 esperan para hacerlo?\u201d, se pregunt\u00f3 en el art\u00edculo titulado &#8216;Triunfar\u00e1n las ideas justas o triunfar\u00e1 el desastre&#8217;.<\/p>\n<p>Castro critic\u00f3 a Estados Unidos y la Uni\u00f3n Europea y se\u00f1al\u00f3: \u00abLa sociedad mundial no conoce tregua en los \u00faltimos a\u00f1os (&#8230;) no hay derecho alguno a destruir ciudades, asesinar ni\u00f1os, pulverizar viviendas, a sembrar terror, hambre y muerte en todas partes. \u00bfEn qu\u00e9 rinc\u00f3n del mundo se podr\u00edan justificar tales hechos?\u00bb.<\/p>\n<p>\u00abAlgo que se ha convertido en un s\u00edmbolo de la pol\u00edtica imperial es el cinismo\u00bb, indic\u00f3.<\/p>\n<p>Tambi\u00e9n enfatiz\u00f3 que \u00abexisten sujetos inescrupulosos, al parecer no pocos, que consideran un m\u00e9rito su disposici\u00f3n a morir, pero sobre todo a matar para defender privilegios bochornosos. Muchas personas se asombran al escuchar las declaraciones de algunos voceros europeos de la OTAN cuando se expresan con el estilo y el rostro de las SS nazis. En ocasiones hasta se visten con trajes oscuros en pleno verano\u00bb, a\u00f1adi\u00f3.<\/p>\n","protected":false},"excerpt":{"rendered":"<p>AFP. Quito, 1 sep (Andes).- La rid\u00edcula pol\u00edtica del imperio no tardar\u00e1 en pasar al basurero de la historia y<\/p>\n","protected":false},"author":1,"featured_media":0,"comment_status":"open","ping_status":"open","sticky":false,"template":"","format":"standard","meta":{"footnotes":""},"categories":[7],"tags":[],"_links":{"self":[{"href":"https:\/\/www.ecuadoraldia.com.ec\/index.php?rest_route=\/wp\/v2\/posts\/4771"}],"collection":[{"href":"https:\/\/www.ecuadoraldia.com.ec\/index.php?rest_route=\/wp\/v2\/posts"}],"about":[{"href":"https:\/\/www.ecuadoraldia.com.ec\/index.php?rest_route=\/wp\/v2\/types\/post"}],"author":[{"embeddable":true,"href":"https:\/\/www.ecuadoraldia.com.ec\/index.php?rest_route=\/wp\/v2\/users\/1"}],"replies":[{"embeddable":true,"href":"https:\/\/www.ecuadoraldia.com.ec\/index.php?rest_route=%2Fwp%2Fv2%2Fcomments&post=4771"}],"version-history":[{"count":1,"href":"https:\/\/www.ecuadoraldia.com.ec\/index.php?rest_route=\/wp\/v2\/posts\/4771\/revisions"}],"predecessor-version":[{"id":4773,"href":"https:\/\/www.ecuadoraldia.com.ec\/index.php?rest_route=\/wp\/v2\/posts\/4771\/revisions\/4773"}],"wp:attachment":[{"href":"https:\/\/www.ecuadoraldia.com.ec\/index.php?rest_route=%2Fwp%2Fv2%2Fmedia&parent=4771"}],"wp:term":[{"taxonomy":"category","embeddable":true,"href":"https:\/\/www.ecuadoraldia.com.ec\/index.php?rest_route=%2Fwp%2Fv2%2Fcategories&post=4771"},{"taxonomy":"post_tag","embeddable":true,"href":"https:\/\/www.ecuadoraldia.com.ec\/index.php?rest_route=%2Fwp%2Fv2%2Ftags&post=4771"}],"curies":[{"name":"wp","href":"https:\/\/api.w.org\/{rel}","templated":true}]}}