{"id":4774,"date":"2014-09-01T21:43:04","date_gmt":"2014-09-01T21:43:04","guid":{"rendered":"http:\/\/www.ecuadoraldia.com.ec\/?p=4774"},"modified":"2014-09-01T21:43:04","modified_gmt":"2014-09-01T21:43:04","slug":"barcelona-se-toma-la-punta-del-torneo-local-tras-vencer-a-liga-de-quito","status":"publish","type":"post","link":"https:\/\/www.ecuadoraldia.com.ec\/?p=4774","title":{"rendered":"Barcelona se toma la punta del torneo local tras vencer a Liga de Quito"},"content":{"rendered":"<p><a href=\"http:\/\/www.ecuadoraldia.com.ec\/wp-content\/uploads\/2014\/09\/barce.jpg\"><img loading=\"lazy\" decoding=\"async\" class=\"alignleft size-medium wp-image-4775\" src=\"http:\/\/www.ecuadoraldia.com.ec\/wp-content\/uploads\/2014\/09\/barce-300x200.jpg\" alt=\"IMG_6591.jpg\" width=\"300\" height=\"200\" srcset=\"https:\/\/www.ecuadoraldia.com.ec\/wp-content\/uploads\/2014\/09\/barce-300x200.jpg 300w, https:\/\/www.ecuadoraldia.com.ec\/wp-content\/uploads\/2014\/09\/barce.jpg 400w\" sizes=\"(max-width: 300px) 100vw, 300px\" \/><\/a>Desde los primeros minutos del partido Barcelona propon\u00eda dentro del campo de juego y Liga de Quito reci\u00e9n empezaba a acomodarse. Fue de esta manera que lleg\u00f3 el primer tanto por medio de Mat\u00edas Oyola, despu\u00e9s de que los toreros cobraran un tiro libre desde cerca del \u00e1rea. Liga de Quito estuvo cerca de empatar el compromiso a los 15 minutos por medio de Anangon\u00f3 pero el portero M\u00e1ximo Banguera detuvo su remate.<\/p>\n<p>Ya en el segundo tiempo, ambos cuadros intentaron crear jugadas de peligro, aproxim\u00e1ndose constantemente al arco rival. El \u00e1rbitro, Samuel Haro, agreg\u00f3 4 minutos de adici\u00f3n al compromiso y en ese tiempo complementario Liga de Quito estuvo cerca de empatarlo. Finalmente, el marcador termin\u00f3 a favor de los canarios, que se toman la punta del campeonato y se meten en la pelea por el t\u00edtulo nacional.<\/p>\n","protected":false},"excerpt":{"rendered":"<p>Desde los primeros minutos del partido Barcelona propon\u00eda dentro del campo de juego y Liga de Quito reci\u00e9n empezaba a<\/p>\n","protected":false},"author":1,"featured_media":0,"comment_status":"open","ping_status":"open","sticky":false,"template":"","format":"standard","meta":{"footnotes":""},"categories":[10],"tags":[],"_links":{"self":[{"href":"https:\/\/www.ecuadoraldia.com.ec\/index.php?rest_route=\/wp\/v2\/posts\/4774"}],"collection":[{"href":"https:\/\/www.ecuadoraldia.com.ec\/index.php?rest_route=\/wp\/v2\/posts"}],"about":[{"href":"https:\/\/www.ecuadoraldia.com.ec\/index.php?rest_route=\/wp\/v2\/types\/post"}],"author":[{"embeddable":true,"href":"https:\/\/www.ecuadoraldia.com.ec\/index.php?rest_route=\/wp\/v2\/users\/1"}],"replies":[{"embeddable":true,"href":"https:\/\/www.ecuadoraldia.com.ec\/index.php?rest_route=%2Fwp%2Fv2%2Fcomments&post=4774"}],"version-history":[{"count":1,"href":"https:\/\/www.ecuadoraldia.com.ec\/index.php?rest_route=\/wp\/v2\/posts\/4774\/revisions"}],"predecessor-version":[{"id":4776,"href":"https:\/\/www.ecuadoraldia.com.ec\/index.php?rest_route=\/wp\/v2\/posts\/4774\/revisions\/4776"}],"wp:attachment":[{"href":"https:\/\/www.ecuadoraldia.com.ec\/index.php?rest_route=%2Fwp%2Fv2%2Fmedia&parent=4774"}],"wp:term":[{"taxonomy":"category","embeddable":true,"href":"https:\/\/www.ecuadoraldia.com.ec\/index.php?rest_route=%2Fwp%2Fv2%2Fcategories&post=4774"},{"taxonomy":"post_tag","embeddable":true,"href":"https:\/\/www.ecuadoraldia.com.ec\/index.php?rest_route=%2Fwp%2Fv2%2Ftags&post=4774"}],"curies":[{"name":"wp","href":"https:\/\/api.w.org\/{rel}","templated":true}]}}