{"id":4943,"date":"2014-09-09T20:41:25","date_gmt":"2014-09-09T20:41:25","guid":{"rendered":"http:\/\/www.ecuadoraldia.com.ec\/?p=4943"},"modified":"2014-09-09T20:41:25","modified_gmt":"2014-09-09T20:41:25","slug":"presidenta-de-chile-anuncia-reformas-legales-para-reforzar-seguridad-frente-a-terrorismo","status":"publish","type":"post","link":"https:\/\/www.ecuadoraldia.com.ec\/?p=4943","title":{"rendered":"Presidenta de Chile anuncia reformas legales para reforzar seguridad frente a terrorismo"},"content":{"rendered":"<p><a href=\"http:\/\/www.ecuadoraldia.com.ec\/wp-content\/uploads\/2014\/09\/michele.jpg\"><img loading=\"lazy\" decoding=\"async\" class=\"alignleft size-medium wp-image-4944\" src=\"http:\/\/www.ecuadoraldia.com.ec\/wp-content\/uploads\/2014\/09\/michele-300x168.jpg\" alt=\"michele\" width=\"300\" height=\"168\" srcset=\"https:\/\/www.ecuadoraldia.com.ec\/wp-content\/uploads\/2014\/09\/michele-300x168.jpg 300w, https:\/\/www.ecuadoraldia.com.ec\/wp-content\/uploads\/2014\/09\/michele.jpg 347w\" sizes=\"(max-width: 300px) 100vw, 300px\" \/><\/a>\u00abNo nos va a temblar la mano (&#8230;), no vamos a permitir que un grupo de terroristas cobardes altere nuestra convivencia pac\u00edfica\u00bb, sostuvo la presidenta de Chile, Michelle Bachelet, tras el comit\u00e9 operativo de seguridad celebrado esta ma\u00f1ana tras el atentado con bomba en Santiago que dej\u00f3 14 heridos, 5 de ellos todav\u00eda hospitalizados.<\/p>\n<p>Tras apelar a la unidad de todo el pa\u00eds y pedir a los chilenos que est\u00e9n vigilantes ante situaciones que susciten sospecha de ser acciones terroristas, Bachelet anunci\u00f3 la reforma de las leyes antiterrorista y de inteligencia, as\u00ed como la de la ley de armas y explosivos, al tiempo que se dotar\u00e1 de m\u00e1s medios al ministerio p\u00fablico.<\/p>\n<p>La Mandataria se reuni\u00f3 este martes, en el Palacio de la Moneda, con los jefes de seguridad del pa\u00eds para reforzar medidas y garantizar as\u00ed que Chile, una de las econom\u00edas m\u00e1s estables de la regi\u00f3n, se mantenga como un pa\u00eds seguro tras el peor atentado desde el retorno a la democracia en 1990.<\/p>\n<p>Bachelet orden\u00f3 un refuerzo de la seguridad en Santiago y asegur\u00f3 que no les \u00abtemblar\u00e1 la mano\u00bb a la hora de responder a estos ataques. Por el momento, se aumentar\u00e1 la presencia policial en las redes de metro y tambi\u00e9n en los lugares p\u00fablicos de mayor afluencia.<\/p>\n<p>Una bomba, fabricada con un extintor relleno con p\u00f3lvora negra y un temporizador, estall\u00f3 el lunes en una galer\u00eda comercial adyacente al tren subterr\u00e1neo y dej\u00f3 heridos de diversa gravedad, incluyendo fracturas abiertas y la amputaci\u00f3n de parte de un dedo a una mujer.<\/p>\n<p>En las calles de Santiago se observ\u00f3 hoy una mayor presencia de polic\u00edas y el sistema de subterr\u00e1neo inhabilit\u00f3 los basureros en sus estaciones como medida preventiva.<\/p>\n<p>Mientras, el Gobierno chileno, a trav\u00e9s de la Subsecretar\u00eda de Interior, interpuso hoy una querella por el delito de terrorismo contra quienes resulten responsables del ataque.<\/p>\n<p>El subsecretario de Interior, Mahmud Aleuy, afirm\u00f3 que espera que el atentado de ayer no aliente nuevos incidentes en torno a la conmemoraci\u00f3n del 11 de septiembre de 1973, cuando fue derrocado el socialista Salvador Allende.<\/p>\n","protected":false},"excerpt":{"rendered":"<p>\u00abNo nos va a temblar la mano (&#8230;), no vamos a permitir que un grupo de terroristas cobardes altere nuestra<\/p>\n","protected":false},"author":1,"featured_media":0,"comment_status":"open","ping_status":"open","sticky":false,"template":"","format":"standard","meta":{"footnotes":""},"categories":[7],"tags":[],"_links":{"self":[{"href":"https:\/\/www.ecuadoraldia.com.ec\/index.php?rest_route=\/wp\/v2\/posts\/4943"}],"collection":[{"href":"https:\/\/www.ecuadoraldia.com.ec\/index.php?rest_route=\/wp\/v2\/posts"}],"about":[{"href":"https:\/\/www.ecuadoraldia.com.ec\/index.php?rest_route=\/wp\/v2\/types\/post"}],"author":[{"embeddable":true,"href":"https:\/\/www.ecuadoraldia.com.ec\/index.php?rest_route=\/wp\/v2\/users\/1"}],"replies":[{"embeddable":true,"href":"https:\/\/www.ecuadoraldia.com.ec\/index.php?rest_route=%2Fwp%2Fv2%2Fcomments&post=4943"}],"version-history":[{"count":1,"href":"https:\/\/www.ecuadoraldia.com.ec\/index.php?rest_route=\/wp\/v2\/posts\/4943\/revisions"}],"predecessor-version":[{"id":4945,"href":"https:\/\/www.ecuadoraldia.com.ec\/index.php?rest_route=\/wp\/v2\/posts\/4943\/revisions\/4945"}],"wp:attachment":[{"href":"https:\/\/www.ecuadoraldia.com.ec\/index.php?rest_route=%2Fwp%2Fv2%2Fmedia&parent=4943"}],"wp:term":[{"taxonomy":"category","embeddable":true,"href":"https:\/\/www.ecuadoraldia.com.ec\/index.php?rest_route=%2Fwp%2Fv2%2Fcategories&post=4943"},{"taxonomy":"post_tag","embeddable":true,"href":"https:\/\/www.ecuadoraldia.com.ec\/index.php?rest_route=%2Fwp%2Fv2%2Ftags&post=4943"}],"curies":[{"name":"wp","href":"https:\/\/api.w.org\/{rel}","templated":true}]}}