{"id":4946,"date":"2014-09-09T20:42:53","date_gmt":"2014-09-09T20:42:53","guid":{"rendered":"http:\/\/www.ecuadoraldia.com.ec\/?p=4946"},"modified":"2014-09-09T20:42:53","modified_gmt":"2014-09-09T20:42:53","slug":"ff-aa-analizan-crear-un-comando-operacional-de-ciberdefensa","status":"publish","type":"post","link":"https:\/\/www.ecuadoraldia.com.ec\/?p=4946","title":{"rendered":"FF.AA. analizan crear un Comando Operacional de Ciberdefensa"},"content":{"rendered":"<figure id=\"attachment_4947\" aria-describedby=\"caption-attachment-4947\" style=\"width: 300px\" class=\"wp-caption alignleft\"><a href=\"http:\/\/www.ecuadoraldia.com.ec\/wp-content\/uploads\/2014\/09\/ataques-por-internet-.jpg\"><img loading=\"lazy\" decoding=\"async\" class=\"size-medium wp-image-4947\" src=\"http:\/\/www.ecuadoraldia.com.ec\/wp-content\/uploads\/2014\/09\/ataques-por-internet--300x223.jpg\" alt=\"Autoridades de defensa analizan en Quito las pol\u00edticas y principios de ciberdefensa en el Ecuador\" width=\"300\" height=\"223\" srcset=\"https:\/\/www.ecuadoraldia.com.ec\/wp-content\/uploads\/2014\/09\/ataques-por-internet--300x223.jpg 300w, https:\/\/www.ecuadoraldia.com.ec\/wp-content\/uploads\/2014\/09\/ataques-por-internet-.jpg 325w\" sizes=\"(max-width: 300px) 100vw, 300px\" \/><\/a><figcaption id=\"caption-attachment-4947\" class=\"wp-caption-text\">Autoridades de defensa analizan en Quito las pol\u00edticas y principios de ciberdefensa en el Ecuador<\/figcaption><\/figure>\n<p>El general Luis Garz\u00f3n, jefe del Comando Conjunto de las Fuerzas Armadas, anunci\u00f3 que la entidad piensa en implementar un Comando de Ciberdefensa, que tendr\u00eda un presupuesto inicial de $8 millones.<\/p>\n<p>Seg\u00fan Garz\u00f3n, la entidad est\u00e1 levantando informaci\u00f3n sobre entidades cr\u00edticas que estar\u00edan en refiner\u00edas, sistemas de oleoductos, hospitales, as\u00ed como todas las que est\u00e1n manejadas por sistemas inform\u00e1ticos. El nuevo Comando funcionar\u00eda en Pichincha y estar\u00e1 a cargo de personal civil y militar con el perfil adecuado.<\/p>\n<p>\u00abExisten pa\u00edses que tienen un gran potencial econ\u00f3mico y b\u00e9lico que han sido afectados por esta amenaza del ciberataque, ciberguerra, el espionaje. Estos pueden ser susceptibles de ser afectados desde cualquier parte del mundo, por ejemplo al control del tr\u00e1fico a\u00e9reo\u00bb, dijo Garz\u00f3n.<\/p>\n<p>El funcionario se\u00f1al\u00f3 que el Estado es responsable de la ciberseguridad \u00abque es un espectro m\u00e1s amplio que el que le corresponde a la defensa nacional\u00bb.<\/p>\n<p>Dijo que espera que en 30 d\u00edas est\u00e9n adecuadamente organizados. Reiter\u00f3 que el Comando contar\u00e1 con una \u00abminuciosa selecci\u00f3n de personal civil\u00bb y que estar\u00edan enfoc\u00e1ndose en las universidades.<\/p>\n<p>La ministra de Defensa, Mar\u00eda Fernanda Espinosa, dijo que Ecuador es uno de los 10 pa\u00edses que est\u00e1 en el blanco de ataques cibern\u00e9ticos, por ello destac\u00f3 la necesidad de un plan regional como una \u00abestrategia compartida\u00bb.<\/p>\n","protected":false},"excerpt":{"rendered":"<p>El general Luis Garz\u00f3n, jefe del Comando Conjunto de las Fuerzas Armadas, anunci\u00f3 que la entidad piensa en implementar un<\/p>\n","protected":false},"author":1,"featured_media":0,"comment_status":"open","ping_status":"open","sticky":false,"template":"","format":"standard","meta":{"footnotes":""},"categories":[1],"tags":[],"_links":{"self":[{"href":"https:\/\/www.ecuadoraldia.com.ec\/index.php?rest_route=\/wp\/v2\/posts\/4946"}],"collection":[{"href":"https:\/\/www.ecuadoraldia.com.ec\/index.php?rest_route=\/wp\/v2\/posts"}],"about":[{"href":"https:\/\/www.ecuadoraldia.com.ec\/index.php?rest_route=\/wp\/v2\/types\/post"}],"author":[{"embeddable":true,"href":"https:\/\/www.ecuadoraldia.com.ec\/index.php?rest_route=\/wp\/v2\/users\/1"}],"replies":[{"embeddable":true,"href":"https:\/\/www.ecuadoraldia.com.ec\/index.php?rest_route=%2Fwp%2Fv2%2Fcomments&post=4946"}],"version-history":[{"count":1,"href":"https:\/\/www.ecuadoraldia.com.ec\/index.php?rest_route=\/wp\/v2\/posts\/4946\/revisions"}],"predecessor-version":[{"id":4948,"href":"https:\/\/www.ecuadoraldia.com.ec\/index.php?rest_route=\/wp\/v2\/posts\/4946\/revisions\/4948"}],"wp:attachment":[{"href":"https:\/\/www.ecuadoraldia.com.ec\/index.php?rest_route=%2Fwp%2Fv2%2Fmedia&parent=4946"}],"wp:term":[{"taxonomy":"category","embeddable":true,"href":"https:\/\/www.ecuadoraldia.com.ec\/index.php?rest_route=%2Fwp%2Fv2%2Fcategories&post=4946"},{"taxonomy":"post_tag","embeddable":true,"href":"https:\/\/www.ecuadoraldia.com.ec\/index.php?rest_route=%2Fwp%2Fv2%2Ftags&post=4946"}],"curies":[{"name":"wp","href":"https:\/\/api.w.org\/{rel}","templated":true}]}}