{"id":4949,"date":"2014-09-09T20:44:44","date_gmt":"2014-09-09T20:44:44","guid":{"rendered":"http:\/\/www.ecuadoraldia.com.ec\/?p=4949"},"modified":"2014-09-09T20:44:44","modified_gmt":"2014-09-09T20:44:44","slug":"asamblea-debate-el-jueves-las-reformas-a-los-fondos-complementarios","status":"publish","type":"post","link":"https:\/\/www.ecuadoraldia.com.ec\/?p=4949","title":{"rendered":"Asamblea  debate el jueves las reformas a los fondos complementarios"},"content":{"rendered":"<p><a href=\"http:\/\/www.ecuadoraldia.com.ec\/wp-content\/uploads\/2014\/09\/comision.jpg\"><img loading=\"lazy\" decoding=\"async\" class=\"alignleft size-medium wp-image-4950\" src=\"http:\/\/www.ecuadoraldia.com.ec\/wp-content\/uploads\/2014\/09\/comision-300x165.jpg\" alt=\"comision\" width=\"300\" height=\"165\" srcset=\"https:\/\/www.ecuadoraldia.com.ec\/wp-content\/uploads\/2014\/09\/comision-300x165.jpg 300w, https:\/\/www.ecuadoraldia.com.ec\/wp-content\/uploads\/2014\/09\/comision.jpg 450w\" sizes=\"(max-width: 300px) 100vw, 300px\" \/><\/a>El pleno de la Asamblea sesionar\u00e1 este jueves para conocer en segundo debate las reformas a los fondos complementarios previsionales.<\/p>\n<p>Betty Carrillo, presidenta de la Comisi\u00f3n de Derechos de los Trabajadores, se\u00f1al\u00f3 que la Superintendencia de Bancos tiene 180 d\u00edas para realizar la auditor\u00eda y determinar que los fondos complementarios recibieron dinero del Estado.<\/p>\n<p>La normativa estipula que el manejo de 64 fondos complementarios previsionales pasen al Banco del Instituto Ecuatoriano de Seguridad Social (BIESS).<\/p>\n<p>La legisladora enfatiz\u00f3 que con este cambio cada afiliado conocer\u00e1 las ganancias de las cuentas, adem\u00e1s tendr\u00e1 un informe t\u00e9cnico de c\u00f3mo se est\u00e1 manejando su dinero.<\/p>\n<p>Se\u00f1al\u00f3 que la mesa legislativa socializ\u00f3 la norma y que muchas personas se quejaron sobre la actual administraci\u00f3n del Fondo de Cesant\u00eda del Magisterio.<\/p>\n<p>Seg\u00fan la asamble\u00edsta, cada fondo manejar\u00e1 su propia estructura financiera y portafolio de inversi\u00f3n y las utilidades se repartir\u00e1n en las cuentas individuales.<\/p>\n<p>En el primer debate de la norma, que se realiz\u00f3 el 31 de julio pasado, Eduardo Moreno, gerente del BIESS, se\u00f1al\u00f3 que la instituci\u00f3n es solvente y podr\u00eda recibir los aportes de los fondos complementarios previsionales. Indic\u00f3, por ejemplo, que hasta el momento ha entregado $ 3.870 millones en cr\u00e9ditos hipotecarios.<\/p>\n<p>Moreno precis\u00f3 que en 4 a\u00f1os, el BIESS tiene $ 12.900 millones administrados. \u00abEs el banco m\u00e1s grande del pa\u00eds\u00bb, acot\u00f3.<\/p>\n<p>Coment\u00f3 que en este tiempo, la entidad invirti\u00f3 en fideicomisos inmobiliarios y que algunos recursos se destinaron en grandes proyectos nacionales como en la construcci\u00f3n de hidroel\u00e9ctricas.<\/p>\n<p>Se\u00f1al\u00f3 que pidieron participar en industrias como petroqu\u00edmica. \u00abSabemos que podemos canalizar los recursos y obtener las mejores rentabilidades\u00bb, agreg\u00f3.<\/p>\n<p>Destac\u00f3 que al tomarse la decisi\u00f3n, la entidad administrar\u00e1 los fondos \u00abcon seguridad, solvencia y prudencia\u00bb y junto a la Superintendencia de Bancos como entidad de control.<\/p>\n<p>Esta ma\u00f1ana, los representantes del Fondo de Cesant\u00eda del Magisterio (FCM) se reunieron en Quito. Juan Jos\u00e9 Castell\u00f3, presidente del FCM, no descart\u00f3 que los integrantes recojan firmas de los aportantes para que los fondos privados contin\u00faen en fondos privados. Solicitan un nuevo encuentro con el presidente Rafael Correa.<\/p>\n<p>En el numeral 1 de la Ley de seguridad Social, la Asamblea propone que los fondos complementarios que cuenten con la petici\u00f3n expresa de al menos la mitad m\u00e1s uno del total de los part\u00edcipes, podr\u00e1n solicitar al \u00f3rgano de control, mantener su propia administraci\u00f3n privada.<\/p>\n<p>Sin embargo, la norma estipula el cumplimiento concurrente de tres causales, que son demostrar que los aportes al fondo fueron realizados de manera voluntaria, garantizar que los recursos asignados en las cuentas individuales pueden ser restituidos a los part\u00edcipes en cualquier momento.<\/p>\n<p>As\u00ed como reintegrar el valor de los recursos estatales recibidos por el fondo con los respectivos intereses, calculados a la tasa activa referencial determinada por el Banco Central del Ecuador para cada a\u00f1o.<\/p>\n","protected":false},"excerpt":{"rendered":"<p>El pleno de la Asamblea sesionar\u00e1 este jueves para conocer en segundo debate las reformas a los fondos complementarios previsionales.<\/p>\n","protected":false},"author":1,"featured_media":0,"comment_status":"open","ping_status":"open","sticky":false,"template":"","format":"standard","meta":{"footnotes":""},"categories":[3],"tags":[],"_links":{"self":[{"href":"https:\/\/www.ecuadoraldia.com.ec\/index.php?rest_route=\/wp\/v2\/posts\/4949"}],"collection":[{"href":"https:\/\/www.ecuadoraldia.com.ec\/index.php?rest_route=\/wp\/v2\/posts"}],"about":[{"href":"https:\/\/www.ecuadoraldia.com.ec\/index.php?rest_route=\/wp\/v2\/types\/post"}],"author":[{"embeddable":true,"href":"https:\/\/www.ecuadoraldia.com.ec\/index.php?rest_route=\/wp\/v2\/users\/1"}],"replies":[{"embeddable":true,"href":"https:\/\/www.ecuadoraldia.com.ec\/index.php?rest_route=%2Fwp%2Fv2%2Fcomments&post=4949"}],"version-history":[{"count":1,"href":"https:\/\/www.ecuadoraldia.com.ec\/index.php?rest_route=\/wp\/v2\/posts\/4949\/revisions"}],"predecessor-version":[{"id":4951,"href":"https:\/\/www.ecuadoraldia.com.ec\/index.php?rest_route=\/wp\/v2\/posts\/4949\/revisions\/4951"}],"wp:attachment":[{"href":"https:\/\/www.ecuadoraldia.com.ec\/index.php?rest_route=%2Fwp%2Fv2%2Fmedia&parent=4949"}],"wp:term":[{"taxonomy":"category","embeddable":true,"href":"https:\/\/www.ecuadoraldia.com.ec\/index.php?rest_route=%2Fwp%2Fv2%2Fcategories&post=4949"},{"taxonomy":"post_tag","embeddable":true,"href":"https:\/\/www.ecuadoraldia.com.ec\/index.php?rest_route=%2Fwp%2Fv2%2Ftags&post=4949"}],"curies":[{"name":"wp","href":"https:\/\/api.w.org\/{rel}","templated":true}]}}