{"id":4952,"date":"2014-09-09T20:46:23","date_gmt":"2014-09-09T20:46:23","guid":{"rendered":"http:\/\/www.ecuadoraldia.com.ec\/?p=4952"},"modified":"2014-09-09T20:46:23","modified_gmt":"2014-09-09T20:46:23","slug":"correa-tilda-de-deshonestidad-periodistica-al-intento-de-ciertos-medios-de-vincularlo-con-el-narcotrafico","status":"publish","type":"post","link":"https:\/\/www.ecuadoraldia.com.ec\/?p=4952","title":{"rendered":"Correa tilda de \u00abdeshonestidad period\u00edstica\u00bb al intento de ciertos medios de vincularlo con el narcotr\u00e1fico"},"content":{"rendered":"<figure id=\"attachment_4953\" aria-describedby=\"caption-attachment-4953\" style=\"width: 300px\" class=\"wp-caption alignleft\"><a href=\"http:\/\/www.ecuadoraldia.com.ec\/wp-content\/uploads\/2014\/09\/Rafael-Correa-.jpg\"><img loading=\"lazy\" decoding=\"async\" class=\"size-medium wp-image-4953\" src=\"http:\/\/www.ecuadoraldia.com.ec\/wp-content\/uploads\/2014\/09\/Rafael-Correa--300x187.jpg\" alt=\"foto internet \" width=\"300\" height=\"187\" srcset=\"https:\/\/www.ecuadoraldia.com.ec\/wp-content\/uploads\/2014\/09\/Rafael-Correa--300x187.jpg 300w, https:\/\/www.ecuadoraldia.com.ec\/wp-content\/uploads\/2014\/09\/Rafael-Correa-.jpg 460w\" sizes=\"(max-width: 300px) 100vw, 300px\" \/><\/a><figcaption id=\"caption-attachment-4953\" class=\"wp-caption-text\">foto internet<\/figcaption><\/figure>\n<p>El presidente Rafael Correa se refiri\u00f3 esta ma\u00f1ana, en su cuenta de Twitter, al intento de ciertos medios de comunicaci\u00f3n para vincularlo con las avionetas de Sky Jet Elite.<\/p>\n<p>Correa public\u00f3: \u00abAlguien ha le\u00eddo o visto en los medios mercantilistas algo sobre el incre\u00edble intento de involucrar al Presidente con el narcotr\u00e1fico&#8230;por parte de Emilio Palacio y Cl\u00e9ver Jim\u00e9nez? Incre\u00edble \u201cesp\u00edritu de cuerpo\u201d&#8230; y deshonestidad period\u00edstica! Prohibido olvidar!\u00bb.<\/p>\n<p>El 19 de agosto pasado Fernando Larrea, abogado de la empresa Sky Jet Elite (domiciliada en Florida-EE.UU.) a nombre de sus 2 sobrinos (Juan Pablo y Eduardo Larrea), due\u00f1os de la compa\u00f1\u00eda, present\u00f3 una denuncia en contra del exasamble\u00edsta de Pachakutik, Cl\u00e9ver Jim\u00e9nez; y Emilio Palacio Urrutia.<\/p>\n<p>Tambi\u00e9n se present\u00f3 una denuncia ante la Superintendencia de Comunicaci\u00f3n en contra de Diario El Comercio y Ecuavisa, por haberse hecho eco del art\u00edculo \u2018El avi\u00f3n fantasma de la dictadura ecuatoriana\u2019, que escribi\u00f3 el pr\u00f3fugo de la justicia Emilio Palacio, quien actualmente reside en Miami, en su blog de UbicaTV.<\/p>\n<p>Larrea denunci\u00f3 a Palacio y Jim\u00e9nez por presunta asociaci\u00f3n il\u00edcita y concertaci\u00f3n de voluntades por asegurar que el presidente Rafael Correa viaj\u00f3 en un avi\u00f3n de Sky Jet Elite vinculado al delito de tr\u00e1fico de drogas, as\u00ed como por \u201cconspiraci\u00f3n\u201d para afectar a la empresa a\u00e9rea privada.<\/p>\n<p>Seg\u00fan la denuncia, Jim\u00e9nez y Palacio se pusieron en contacto con un periodista de Univisi\u00f3n, canal latino de Miami, y le entregaron esa informaci\u00f3n que fue difundida en el noticiero. All\u00ed se daba por hecho que en la nave viajaron Correa y funcionarios de su Gobierno. Tal cosa nunca ocurri\u00f3, pues Larrea dice que Jim\u00e9nez, quien en calidad de asamble\u00edsta pidi\u00f3 el 30 de enero de 2014 informaci\u00f3n a la Aviaci\u00f3n Civil sobre esa avioneta, entrelaz\u00f3 maliciosamente la matr\u00edcula del avi\u00f3n Gulfstream II, implicada en 2007 en narcotr\u00e1fico, con la del Gulfstream III, propiedad de Sky Jet Elite.<\/p>\n<p>A principios de este mes, con base en la informaci\u00f3n facilitada por Jim\u00e9nez, Palacio escribi\u00f3 en su blog una nota donde aseguraba que \u201ca mediados de abril ocurri\u00f3 un hecho extra\u00f1o, Correa desapareci\u00f3 entre el 16 y 21 de ese mes, nadie sabe todav\u00eda d\u00f3nde estuvo esos d\u00edas\u201d. Esto fue recogido y destacado de inmediato por Univisi\u00f3n y replicado por medios ecuatorianos como diario El Comercio y el programa Telemundo.<\/p>\n<p>La noticia fue \u2018felicitada\u2019 a trav\u00e9s de las redes sociales por activistas pol\u00edticos como Carlos Vera (Ecuador), y por Estevan Saltos, (Miami), hijo del ex due\u00f1o (Guido Saltos) de la quebrada l\u00ednea a\u00e9rea privada Icaro, que dej\u00f3 trabajadores afectados y deudas al Estado y proveedores.<\/p>\n<p>A todo esto, Larrea denomina \u201cconcertaci\u00f3n de voluntades\u201d para afectar a la empresa de sus sobrinos y al mandatario Correa.<\/p>\n","protected":false},"excerpt":{"rendered":"<p>El presidente Rafael Correa se refiri\u00f3 esta ma\u00f1ana, en su cuenta de Twitter, al intento de ciertos medios de comunicaci\u00f3n<\/p>\n","protected":false},"author":1,"featured_media":0,"comment_status":"open","ping_status":"open","sticky":false,"template":"","format":"standard","meta":{"footnotes":""},"categories":[1],"tags":[],"_links":{"self":[{"href":"https:\/\/www.ecuadoraldia.com.ec\/index.php?rest_route=\/wp\/v2\/posts\/4952"}],"collection":[{"href":"https:\/\/www.ecuadoraldia.com.ec\/index.php?rest_route=\/wp\/v2\/posts"}],"about":[{"href":"https:\/\/www.ecuadoraldia.com.ec\/index.php?rest_route=\/wp\/v2\/types\/post"}],"author":[{"embeddable":true,"href":"https:\/\/www.ecuadoraldia.com.ec\/index.php?rest_route=\/wp\/v2\/users\/1"}],"replies":[{"embeddable":true,"href":"https:\/\/www.ecuadoraldia.com.ec\/index.php?rest_route=%2Fwp%2Fv2%2Fcomments&post=4952"}],"version-history":[{"count":1,"href":"https:\/\/www.ecuadoraldia.com.ec\/index.php?rest_route=\/wp\/v2\/posts\/4952\/revisions"}],"predecessor-version":[{"id":4954,"href":"https:\/\/www.ecuadoraldia.com.ec\/index.php?rest_route=\/wp\/v2\/posts\/4952\/revisions\/4954"}],"wp:attachment":[{"href":"https:\/\/www.ecuadoraldia.com.ec\/index.php?rest_route=%2Fwp%2Fv2%2Fmedia&parent=4952"}],"wp:term":[{"taxonomy":"category","embeddable":true,"href":"https:\/\/www.ecuadoraldia.com.ec\/index.php?rest_route=%2Fwp%2Fv2%2Fcategories&post=4952"},{"taxonomy":"post_tag","embeddable":true,"href":"https:\/\/www.ecuadoraldia.com.ec\/index.php?rest_route=%2Fwp%2Fv2%2Ftags&post=4952"}],"curies":[{"name":"wp","href":"https:\/\/api.w.org\/{rel}","templated":true}]}}